{"id":11653,"date":"2021-02-07T18:12:14","date_gmt":"2021-02-07T17:12:14","guid":{"rendered":"http:\/\/www.krampolinka.cz\/?p=11653"},"modified":"2022-09-23T06:08:33","modified_gmt":"2022-09-23T05:08:33","slug":"svetr-milano","status":"publish","type":"post","link":"https:\/\/www.krampolinka.cz\/en\/svetr-milano\/","title":{"rendered":"Svetr Milano"},"content":{"rendered":"<p>Kdy\u017e mi doputovala novinka <strong>YarnArt Milano<\/strong>, byla jsem rozhodnut\u00e1, \u017ee si vytvo\u0159\u00edm n\u011bco pro sebe. No a jeliko\u017e jedu st\u00e1le na vln\u011b svet\u0159\u00edk\u016f a jsou st\u00e1le v kurzu v\u00e9\u010dka, tak jsem uh\u00e1\u010dkovala d\u00e1msk\u00fd svetr z v\u00e9\u010dek.<\/p>\n<p><!--more--><\/p>\n<p><strong>YarnArt Milano<\/strong> se prod\u00e1v\u00e1 v 50g klub\u00ed\u010dku s n\u00e1vinem 130 metr\u016f. Co do slo\u017een\u00ed je to mix 8% alpaky,\u00a0 20% vlny, 8% visk\u00f3zy, 64% akrylu. P\u0159\u00edze se tv\u00e1\u0159\u00ed jednobarevn\u011b, ale pokud ji podrob\u00edte zkoum\u00e1n\u00ed, m\u00e1 v sob\u011b n\u011bkolik odst\u00edn\u016f t\u00f3n v t\u00f3nu, vypad\u00e1 to jako mini mel\u00edr. Vl\u00e1kno je p\u011bkn\u011b zato\u010den\u00e9 a m\u00edrn\u00fd chloupek nevad\u00ed ani p\u0159i p\u00e1r\u00e1n\u00ed. P\u0159\u00edze je m\u011bkou\u010dk\u00e1, par\u00e1dn\u011b h\u0159ejiv\u00e1 a Milano m\u00e1 p\u011bknou \u0161k\u00e1lu barev. Za mne velk\u00e1 spokojenost. Milano se hod\u00ed na sez\u00f3nu podzim, zima a jaro na svet\u0159\u00edky, deky, vesty, pon\u010da, tunely, \u010depice, pl\u00e9dy a teplej\u0161\u00ed \u0161\u00e1tky.<\/p>\n<p><strong>YarnArt Milano<\/strong> n\u00e1m v\u011bnoval dovozce <a href=\"http:\/\/www.bezvapleteni.cz\">BezvaPleteni.cz<\/a>, moc d\u011bkuji a klub\u00ed\u010dka zakoup\u00edte na <a href=\"http:\/\/www.pletemesi.cz\">PletemeSi.cz<\/a> nebo <a href=\"http:\/\/www.pletiemesi.sk\">Pletiemesi.sk<\/a>. Video z rozbalov\u00e1n\u00ed bal\u00ed\u010dku naleznete <a href=\"https:\/\/youtu.be\/deYE25rVWUg\"><strong>zde<\/strong> <\/a>a \u010dl\u00e1nek <a href=\"https:\/\/wp.me\/p7Zfh3-2VE\"><strong>zde<\/strong><\/a>.<\/p>\n<p><strong>Co se t\u00fd\u010de svetru<\/strong>, h\u00e1\u010dkovala jsem od sedla pro velikost 40-42 po \u0159ad\u00e1ch. \u0158ada za\u010d\u00edn\u00e1 n\u00e1hradou a kon\u010d\u00ed pevn\u00fdm okem. Na sedlo navazuje t\u011blo svet\u0159\u00edku, kter\u00e9 jsem ji\u017e h\u00e1\u010dkovala bez ukon\u010dov\u00e1n\u00ed \u0159ad tzv. dokola, abych se vyhnula \u0161vu.<\/p>\n<p><strong>Co se t\u00fd\u010de vzore\u010dku,<\/strong> pou\u017eila jsem v\u00e9\u010dka z polodlouh\u00fdch sloupk\u016f, tj. dva sh\u00e1\u010dkovan\u00e9 polodlouh\u00e9 sloupky a \u0159et\u00edzkov\u00e9 o\u010dko. Tento vzore\u010dek je pom\u011brn\u011b hutn\u00fd, h\u0159ejiv\u00fd, ale tak\u00e9 si &#8220;vezme&#8221; dost p\u0159\u00edze, tak\u017ee jsem na svet\u0159\u00edk spot\u0159ebovala cel\u00fd bal\u00edk (10x50g) p\u0159\u00edze Milano. Co se t\u00fd\u010de patent\u016f, m\u016f\u017eete bu\u010f pou\u017e\u00edt men\u0161\u00ed h\u00e1\u010dek nebo zm\u011bnit vzorek na KS v\u00e9\u010dka, tj. dva kr\u00e1tk\u00e9 sloupky sh\u00e1\u010dkovan\u00e9 dohromady a \u0159et\u00edzkov\u00e9 o\u010dko.<\/p>\n<p>\u010casto se pt\u00e1te, <strong>jak zmen\u0161it<\/strong> &#8211; zv\u011bt\u0161it svetr, p\u0159\u00edpadn\u011b, jak si vzorek &#8211; velikost p\u0159epo\u010d\u00edst na jinou p\u0159\u00edzi. Zde V\u00e1m bohu\u017eel nikdy nejsem schopna poradit. Nerada st\u0159\u00edl\u00edm od boku a pro jin\u00e9 velikosti\/jinou p\u0159\u00edzi bych to musela vyzkou\u0161et. Nav\u00edc, ka\u017ed\u00e1 utahujeme jinak a u jin\u00e9 p\u0159\u00edze budou samoz\u0159ejm\u011b zna\u010dn\u00e9 rozd\u00edly. Mohu jen doporu\u010dit h\u00e1\u010dkovat prvn\u00ed dv\u011b t\u0159i \u0159ady bu\u010f s v\u011bt\u0161\u00edm po\u010dtem \u0159et\u00edzkov\u00fdch o\u010dek nebo p\u0159idat p\u00e1r \u0159ad sedla a v\u017edy p\u0159im\u011b\u0159ovat k oble\u010den\u00ed, kter\u00e9 nos\u00edte.<\/p>\n<p><strong>Co se t\u00fd\u010de v\u00fdpo\u010dtu sedla<\/strong>, pot\u0159ebujete m\u00edt po\u010det z\u00e1kladn\u00edho \u0159et\u00edzku <strong>d\u011bliteln\u00fd t\u0159emi<\/strong> a s t\u00edm, \u017ee v ide\u00e1ln\u00edm p\u0159\u00edpad\u011b <strong>jedna t\u0159etina je d\u00e1le d\u011bliteln\u00e1 dv\u011bma<\/strong>. Ke kone\u010dn\u00e9mu po\u010dtu pot\u0159ebujete p\u0159ipo\u010d\u00edst <strong>\u010dty\u0159i o\u010dka<\/strong> pro h\u00e1\u010dkov\u00e1n\u00ed roh\u016f. Up\u0159\u00edmn\u011b, \u010dasto sed\u00edm s tu\u017ekou a pap\u00edrem a kalkuluju a po\u010d\u00edt\u00e1m. Nap\u0159\u00edklad 36 o\u010dek vyd\u011bl\u00edme t\u0159emi, tj. 12 o\u010dek. P\u0159edn\u00ed a zadn\u00ed d\u00edl bude m\u00edt 12 o\u010dek (24 celkem) a t\u011bch posledn\u00edch dvan\u00e1ct rozd\u011bl\u00edme na polovinu, tj. \u0161est o\u010dek, co\u017e je po\u010det pro jeden a druh\u00fd ruk\u00e1v. K \u010d\u00edslu 36 d\u00e1le p\u0159ipo\u010dteme \u010dty\u0159i o\u010dka pro rohy. Rozpo\u010det sedla tedy bude 1 o\u010dko roh, 6 o\u010dek ruk\u00e1v, 1 o\u010dko roh, 12 o\u010dek zadn\u00ed d\u00edl, 1 o\u010dko roh, 6 o\u010dek ruk\u00e1v, 1 o\u010dko roh, 12 o\u010dek p\u0159edn\u00ed d\u00edl.<\/p>\n<p>N\u011bkdy pom\u011br samoz\u0159ejm\u011b nevych\u00e1z\u00ed. Potom je pot\u0159eba se rozhodnout, jak velik\u00fd m\u00e1m hrudn\u00edk nebo siln\u00e9 pa\u017ee, tj. jestli uberu v p\u0159edn\u00ed \u010d\u00e1sti (men\u0161\u00ed poprs\u00ed) a p\u0159id\u00e1m o\u010dka do oblasti ruk\u00e1vu, tj. chci \u0161ir\u0161\u00ed ruk\u00e1v.\u00a0Snad V\u00e1m matematika pomohla.\u00a0No a my se pust\u00edme do pr\u00e1ce.<\/p>\n<p><strong>Svet\u0159\u00edk Milano<\/strong><br \/>\n<strong>P\u0159\u00edze<\/strong>: YarnArt Milano \u0161e\u0159\u00edkov\u00e1 \u010d. 861, zakoup\u00edte <a href=\"https:\/\/www.pletemesi.cz\/produkty\/milano-prize-10-x-50-g\/162.html\">www.pletemesi.cz<\/a>\u00a0nebo\u00a0<a href=\"http:\/\/www.pletiemesi.sk\/\">www.pletiemesi.sk<\/a><br \/>\n<strong>Spot\u0159eba<\/strong>: 10x50g na uvedenou velikost<br \/>\n<strong>H\u00e1\u010dek<\/strong>: 4 mm, 5 mm, 6 mm, 7 mm<br \/>\n<strong>Rozm\u011bry:\u00a0<\/strong>velikost 40-42, p\u0159edn\u00ed d\u00e9lka 64 cm, 48 cm \u0161\u00ed\u0159ka v podpa\u017ed\u00ed<br \/>\n<strong>Jehla s velk\u00fdm ou\u0161kem, \u0161t\u00edtek na ozdoben\u00ed, ozna\u010dova\u010de<\/strong><br \/>\n<strong>\u010casov\u00fd rozpo\u010det<\/strong>: 12 hodin<br \/>\nPro m\u00edrn\u011b pokro\u010dil\u00e9 s videem<\/p>\n<p>PO \u2013 pevn\u00e9 oko<br \/>\n\u0158O \u2013 \u0159et\u00edzkov\u00e9 oko<br \/>\nKS \u2013 kr\u00e1tk\u00fd sloupek<br \/>\nPDS \u2013 polodlouh\u00fd sloupek<br \/>\nKS v\u00e9\u010dko \u2013 dva KS sh\u00e1\u010dkovan\u00e9 do jednoho o\u010dka a \u0158O<\/p>\n<p>PDS v\u00e9\u010dko \u2013 dva PDS sh\u00e1\u010dkovan\u00e9 do jednoho o\u010dka a \u0158O<br \/>\nPO v\u00e9\u010dko \u2013 dv\u011b PO sh\u00e1\u010dkovan\u00e9 do jednoho o\u010dka a \u0158O<\/p>\n<p><b>Svet\u0159\u00edk\u00a0<\/b>h\u00e1\u010dkujeme od sedla po \u0159ad\u00e1ch. \u0158ada kon\u010d\u00ed pevn\u00fdm okem a za\u010d\u00edn\u00e1 n\u00e1hradou N, tj. 2 \u0158O m\u00edsto prvn\u00edho PDS. T\u011blo svet\u0159\u00edku h\u00e1\u010dkujeme tzv. dokola, tj. bez ukon\u010den\u00ed \u0159ad. Posledn\u00ed o\u010dka v \u0159ad\u00e1ch p\u0159ed ukon\u010den\u00edm p\u0159\u00edze tvo\u0159\u00ed v\u00e9\u010dka ze dvou sh\u00e1\u010dkovan\u00fdch pevn\u00fdch ok. N\u00e1hrada nen\u00ed sou\u010d\u00e1st\u00ed sou\u010dtu ok. Jak na pru\u017en\u00fd \u0159et\u00edzek kolem krku a v podpa\u017ed\u00ed naleznete <a href=\"https:\/\/www.youtube.com\/watch?v=j2Dts-nBkXI&amp;t=39s\"><strong>zde<\/strong><\/a>.<\/p>\n<p><strong>Svet\u0159\u00edk, sedlo, \u0161e\u0159\u00edkov\u00e1, h\u00e1\u010dek 4 mm<\/strong><br \/>\n<strong>1. \u0159ada:<\/strong> 88 \u0158O pru\u017en\u00e9ho \u0159et\u00edzku + 2 \u0158O na oto\u010den\u00ed, oto\u010d\u00edme<br \/>\n<strong>2. \u0159ada:<\/strong> h\u00e1\u010dek vedeme do prvn\u00edho o\u010dka pru\u017en\u00e9ho \u0159et\u00edzku, uh\u00e1\u010dkujeme roh sedla PDS \u2013 \u0158O \u2013 PDS a pod \u0158O um\u00edst\u00edme ozna\u010dova\u010d. D\u00e1le h\u00e1\u010dkujeme ruk\u00e1v: \u0158O, <strong>14<\/strong> PDS, \u0158O. D\u00e1le h\u00e1\u010dkujeme roh sedla PDS \u2013 \u0158O \u2013 PDS a pod \u0158O um\u00edst\u00edme ozna\u010dova\u010d. D\u00e1le h\u00e1\u010dkujeme p\u0159edn\u00ed d\u00edl: \u0158O, <strong>28<\/strong> PDS, \u0158O. D\u00e1le h\u00e1\u010dkujeme roh sedla PDS \u2013 \u0158O \u2013 PDS a pod \u0158O um\u00edst\u00edme ozna\u010dova\u010d. D\u00e1le h\u00e1\u010dkujeme druh\u00fd ruk\u00e1v: \u0158O, <strong>14<\/strong> PDS, \u0158O. D\u00e1le h\u00e1\u010dkujeme roh sedla PDS \u2013 \u0158O \u2013 PDS a pod \u0158O um\u00edst\u00edme ozna\u010dova\u010d. D\u00e1le h\u00e1\u010dkujeme zadn\u00ed d\u00edl \u0158O, <strong>28<\/strong> PDS, \u0158O, PO.<\/p>\n<p><strong>Svet\u0159\u00edk, sedlo, \u0161e\u0159\u00edkov\u00e1, h\u00e1\u010dek 6 mm<\/strong><br \/>\n<strong>3. \u0159ada:\u00a0<\/strong>pomoc\u00ed PO p\u0159ejdeme pod \u0158O. N za PDS, v rohu h\u00e1\u010dkujeme PDS-\u0158O-PDS pod \u0158O. D\u00e1le h\u00e1\u010dkujeme ruk\u00e1v: \u0158O, <strong>PDS pod \u0158O a \u0158O<\/strong>, d\u00e1le\u00a0<strong>7 PDS<\/strong>\u00a0<strong>v\u00e9\u010dka<\/strong> (nahod\u00edme, h\u00e1\u010dek vedeme do mezery mezi sloupky, vyt\u00e1hneme p\u0159\u00edzi na h\u00e1\u010dek, nahod\u00edme, h\u00e1\u010dek vedeme <strong>ob mezeru<\/strong>, vyt\u00e1hneme p\u0159\u00edzi, s nahozen\u00edm sh\u00e1\u010dkujeme v\u0161echna o\u010dka na h\u00e1\u010dku, <strong>\u0158O; <\/strong>na za\u010d\u00e1tku prvn\u00ed v\u00e9\u010dko za\u010d\u00edn\u00e1 pod \u0158O a na konci posledn\u00ed v\u00e9\u010dko kon\u010d\u00ed pod \u0158O). Na konci h\u00e1\u010dkujeme 1 PDS pod \u0158O, \u0158O. Roh sedla PDS- \u0158O- PDS pod \u0158O.<\/p>\n<p>D\u00e1le h\u00e1\u010dkujeme p\u0159edn\u00ed d\u00edl: \u0158O, PDS pod \u0158O a \u0158O, d\u00e1le <strong>14 PDS v\u00e9\u010dek<\/strong>, PDS pod \u0158O, \u0158O. Roh sedla PDS-\u0158O-PDS pod \u0158O. D\u00e1le h\u00e1\u010dkujeme ruk\u00e1v: \u0158O, PDS pod \u0158O a \u0158O, d\u00e1le <strong>7 PDS v\u00e9\u010dka<\/strong> a 1 PDS pod \u0158O, \u0158O. Roh sedla PDS-\u0158O-PDS pod \u0158O. D\u00e1le h\u00e1\u010dkujeme zadn\u00ed d\u00edl: \u0158O, PDS pod \u0158O a \u0158O, d\u00e1le <strong>14 PDS v\u00e9\u010dek<\/strong>, PDS pod \u0158O, \u0158O a PO.<\/p>\n<p><strong>4. \u0159ada:\u00a0<\/strong>pomoc\u00ed PO p\u0159ejdeme pod \u0158O. N za PDS, v rohu h\u00e1\u010dkujeme PDS-\u0158O-PDS pod \u0158O. D\u00e1le h\u00e1\u010dkujeme ruk\u00e1v: <strong>\u0158O<\/strong>, <strong>PDS pod \u0158O, PDS do PDS, \u0158O<\/strong>, d\u00e1le\u00a0<strong>7 PDS<\/strong>\u00a0<strong>v\u00e9\u010dka<\/strong> (nahod\u00edme, h\u00e1\u010dek vedeme pod \u0158O p\u0159ed v\u00e9\u010dkem z p\u0159edchoz\u00ed \u0159ady, vyt\u00e1hneme p\u0159\u00edzi na h\u00e1\u010dek, nahod\u00edme, h\u00e1\u010dek vedeme pod \u0158O za v\u00e9\u010dkem z p\u0159edchoz\u00ed \u0159ady, vyt\u00e1hneme p\u0159\u00edzi na h\u00e1\u010dek, s nahozen\u00edm sh\u00e1\u010dkujeme v\u0161echna o\u010dka na h\u00e1\u010dku, \u0158O), na konci \u0159ady h\u00e1\u010dkujeme <strong>PDS do PDS, PDS pod \u0158O, \u0158O<\/strong>. Roh sedla PDS- \u0158O- PDS pod \u0158O. D\u00e1le h\u00e1\u010dkujeme p\u0159edn\u00ed d\u00edl: \u0158O, PDS pod \u0158O, PDS do PDS, \u0158O, d\u00e1le <strong>14 PDS v\u00e9\u010dek<\/strong>, PDS do PDS, PDS pod \u0158O, \u0158O. Roh sedla PDS-\u0158O-PDS pod \u0158O.<\/p>\n<p>D\u00e1le h\u00e1\u010dkujeme ruk\u00e1v: \u0158O, PDS pod \u0158O, PDS do PDS, \u0158O, d\u00e1le <strong>7 PDS v\u00e9\u010dka<\/strong>, PDS do PDS, PDS pod \u0158O, \u0158O. Roh sedla PDS-\u0158O-PDS pod \u0158O. D\u00e1le h\u00e1\u010dkujeme zadn\u00ed d\u00edl: \u0158O, PDS pod \u0158O, PDS do PDS, \u0158O, d\u00e1le <strong>14 PDS v\u00e9\u010dka<\/strong>, PDS do PDS, PDS pod \u0158O, \u0158O a PO.<\/p>\n<p><strong>Pozn<\/strong>. Abychom mohli v sedle vytvo\u0159it dal\u0161\u00ed v\u00e9\u010dko, pot\u0159ebujeme m\u00edt na za\u010d\u00e1tku \u0159ady PDS pod \u0158O a PDS do PDS+\u0158O. D\u00edky tomu si v dal\u0161\u00ed \u0159ad\u011b vytvo\u0159\u00edme na za\u010d\u00e1tku a konci \u0159ady po jednom nov\u00e9m PDS v\u00e9\u010dku. V\u0161eobecn\u00e9 pravidlo &#8211; na <strong>za\u010d\u00e1tku<\/strong> \u0159ady <strong>po<\/strong> PDS, po kter\u00e9m <strong>n\u00e1sleduje<\/strong> PDS <strong>v\u00e9\u010dko<\/strong>, h\u00e1\u010dkujeme v\u017edy <strong>\u0158O<\/strong>. Toto \u0158O vyu\u017eijeme v n\u00e1sleduj\u00edc\u00ed \u0159ad\u011b pro za\u010d\u00e1tek v\u00e9\u010dka.<\/p>\n<p><strong>Svet\u0159\u00edk, sedlo, \u0161e\u0159\u00edkov\u00e1, h\u00e1\u010dek 7 mm<\/strong><br \/>\n<strong>5. \u0159ada:<\/strong> pomoc\u00ed PO p\u0159ejdeme pod \u0158O. N za PDS, v rohu h\u00e1\u010dkujeme PDS-\u0158O-PDS pod \u0158O. D\u00e1le h\u00e1\u010dkujeme ruk\u00e1v: <strong>\u0158O<\/strong>, <strong>PDS pod \u0158O a \u0158O,\u00a0<\/strong>d\u00e1le\u00a0<strong>9 PDS<\/strong>\u00a0<strong>v\u00e9\u010dek\u00a0<\/strong>(prvn\u00ed PDS v\u00e9\u010dko za\u010d\u00edn\u00e1me pod \u0158O a kon\u010d\u00edme pod \u0158O, tj. jakoby p\u0159ekro\u010d\u00edme dva samostatn\u00e9 PDS z p\u0159edchoz\u00ed \u0159ady. Stejn\u011b postupujeme na konci \u0159ady.), na konci \u0159ady h\u00e1\u010dkujeme <strong>PDS pod \u0158O, \u0158O<\/strong>. Roh sedla PDS- \u0158O- PDS pod \u0158O. D\u00e1le h\u00e1\u010dkujeme p\u0159edn\u00ed d\u00edl: \u0158O, PDS pod \u0158O a \u0158O, d\u00e1le <strong>16 PDS v\u00e9\u010dek<\/strong>, PDS pod \u0158O, \u0158O. Roh sedla PDS-\u0158O-PDS pod \u0158O. D\u00e1le h\u00e1\u010dkujeme ruk\u00e1v: \u0158O, PDS pod \u0158O a \u0158O, d\u00e1le <strong>9 PDS v\u00e9\u010dek<\/strong>, PDS pod \u0158O a \u0158O. Roh sedla PDS-\u0158O-PDS pod \u0158O. D\u00e1le h\u00e1\u010dkujeme zadn\u00ed d\u00edl: \u0158O, PDS pod \u0158O a \u0158O, d\u00e1le <strong>16 PDS v\u00e9\u010dka<\/strong>, PDS pod \u0158O a \u0158O a PO.<\/p>\n<p><strong>6. \u0159ada:\u00a0<\/strong>stejn\u00e1 jako \u0159ada 4<br \/>\n<strong>7. \u0159ada:<\/strong> stejn\u00e1 jako \u0159ada 5, m\u00e1me na ruk\u00e1vu 11 PDS v\u00e9\u010dek, na p\u0159edn\u00edm\/zadn\u00edm d\u00edle 18 PDS v\u00e9\u010dek<br \/>\n<strong>8. \u0159ada:<\/strong> stejn\u00e1 jako \u0159ada 4, m\u00e1me na ruk\u00e1vu 11 PDS v\u00e9\u010dek, na p\u0159edn\u00edm\/zadn\u00edm d\u00edle 18 PDS v\u00e9\u010dek<\/p>\n<p><strong>9. \u0159ada:<\/strong> stejn\u00e1 jako \u0159ada 5, m\u00e1me na ruk\u00e1vu 13 PDS v\u00e9\u010dek, na p\u0159edn\u00edm\/zadn\u00edm d\u00edle 20 PDS v\u00e9\u010dek<br \/>\n<strong>10. \u0159ada:<\/strong> stejn\u00e1 jako \u0159ada 4, m\u00e1me na ruk\u00e1vu 13 PDS v\u00e9\u010dek, na p\u0159edn\u00edm\/zadn\u00edm d\u00edle 20 PDS v\u00e9\u010dek<\/p>\n<p><strong>11. \u0159ada:<\/strong> stejn\u00e1 jako \u0159ada 5, m\u00e1me na ruk\u00e1vu 15 PDS v\u00e9\u010dek, na p\u0159edn\u00edm\/zadn\u00edm d\u00edle 22 PDS v\u00e9\u010dek<br \/>\n<strong>12. \u0159ada:<\/strong> stejn\u00e1 jako \u0159ada 4, m\u00e1me na ruk\u00e1vu 15 PDS v\u00e9\u010dek, na p\u0159edn\u00edm\/zadn\u00edm d\u00edle 22 PDS v\u00e9\u010dek<br \/>\n<strong>13. \u0159ada:<\/strong> stejn\u00e1 jako \u0159ada 5, m\u00e1me na ruk\u00e1vu 17 PDS v\u00e9\u010dek, na p\u0159edn\u00edm\/zadn\u00edm d\u00edle 24 PDS v\u00e9\u010dek<\/p>\n<p><strong>14. \u0159ada:<\/strong> stejn\u00e1 jako \u0159ada 4, m\u00e1me na ruk\u00e1vu 17 PDS v\u00e9\u010dek, na p\u0159edn\u00edm\/zadn\u00edm d\u00edle 24 PDS v\u00e9\u010dek<br \/>\n<strong>15. \u0159ada:<\/strong> stejn\u00e1 jako \u0159ada 5, m\u00e1me na ruk\u00e1vu 19 PDS v\u00e9\u010dek, na p\u0159edn\u00edm\/zadn\u00edm d\u00edle 26 PDS v\u00e9\u010dek<br \/>\n<strong>16. \u0159ada:<\/strong> stejn\u00e1 jako \u0159ada 4, m\u00e1me na ruk\u00e1vu 19 PDS v\u00e9\u010dek, na p\u0159edn\u00edm\/zadn\u00edm d\u00edle 26 PDS v\u00e9\u010dek (na za\u010d\u00e1tku a konci \u0159ady m\u00e1me dva PDS)<\/p>\n<p><strong>Svet\u0159\u00edk, spojen\u00ed sedla, h\u00e1\u010dek 7 mm<\/strong><br \/>\n<strong>17. \u0159ada:<\/strong> pomoc\u00ed PO p\u0159ejdeme pod \u0158O. N za PDS. V rohu h\u00e1\u010dkujeme PDS pod \u0158O, d\u00e1le <strong>10 \u0158O<\/strong> pru\u017en\u00e9ho \u0159et\u00edzku a pomoc\u00ed PDS pod \u0158O do rohu sedla se spoj\u00edme s protilehl\u00fdm rohem (u\u017e neh\u00e1\u010dkujeme oblast ruk\u00e1v\u016f, ale p\u0159emost\u00edme se pomoc\u00ed \u0159et\u00edzku ze zadn\u00edho d\u00edlu na p\u0159edn\u00ed). D\u00e1le h\u00e1\u010dkujeme PDS do PDS v rohu, PDS pod \u0158O, \u0158O, PDS v\u00e9\u010dko do dvou PDS z p\u0159edchoz\u00ed \u0159ady, d\u00e1le PDS v\u00e9\u010dka na p\u0159edn\u00edm d\u00edle, PDS v\u00e9\u010dko do dvou PDS z p\u0159edchoz\u00ed \u0159ady (28 v\u00e9\u010dek). Na konci \u0159ady p\u0159edn\u00edho d\u00edlu h\u00e1\u010dkujeme PDS pod \u0158O, pot\u00e9 PDS do PDS v rohu, PDS pod \u0158O, pru\u017en\u00fd \u0159et\u00edzek <strong>10 \u0158O<\/strong> a pomoc\u00ed PDS pod \u0158O do rohu sedla se spoj\u00edme s protilehl\u00fdm rohem. Zde h\u00e1\u010dkujeme PDS do PDS v rohu, PDS pod \u0158O, \u0158O a PDS v\u00e9\u010dka na zadn\u00edm d\u00edle (28 v\u00e9\u010dek).<\/p>\n<p>Na konci \u0159ady h\u00e1\u010dkujeme PDS pod \u0158O, PDS do PDS (pozor, jde to h\u016f\u0159, je zde PO) a \u0159adu kon\u010d\u00edme PO.<\/p>\n<p><strong>18. \u0159ada:<\/strong> n\u00e1hrada za PDS, PDS do PDS. D\u00e1le h\u00e1\u010dkujeme 10 PDS do deseti o\u010dek pru\u017en\u00e9ho \u0159et\u00edzku. D\u00e1le h\u00e1\u010dkujeme v rohu PDS do PDS, PDS do PDS, na p\u0159edn\u00edm d\u00edle PDS do PDS, \u0158O a pokra\u010dujeme PDS v\u00e9\u010dky na p\u0159edn\u00edm d\u00edle (celkem 30 v\u00e9\u010dek). Kon\u010d\u00edme PDS do PDS a v rohu h\u00e1\u010dkujeme PDS do PDS, PDS do PDS a pokra\u010dujeme 10 PDS do deseti o\u010dek pru\u017en\u00e9ho \u0159et\u00edzku.<\/p>\n<p>V rohu h\u00e1\u010dkujeme PDS do PDS, PDS do PDS, a na zadn\u00edm d\u00edle pokra\u010dujeme PDS do PDS, \u0158O, h\u00e1\u010dkujeme PDS v\u00e9\u010dka na zadn\u00edm d\u00edle (celkem 30 v\u00e9\u010dek), na konci \u0159ady h\u00e1\u010dkujeme PDS do PDS a v rohu PDS do PDS. Pro h\u00e1\u010dkov\u00e1n\u00ed tzv. dokola h\u00e1\u010dek vedeme do prostoru mezi n\u00e1hradu a prvn\u00ed PDS, vyt\u00e1hneme p\u0159\u00edzi, h\u00e1\u010dek vedeme ob mezeru, vyt\u00e1hneme p\u0159\u00edzi a s nahozen\u00edm sh\u00e1\u010dkuji v\u0161echna o\u010dka na h\u00e1\u010dku, \u0158O (KS v\u00e9\u010dko). Od tohoto m\u00edsta h\u00e1\u010dkujeme bez ukon\u010den\u00ed \u0159ad PDS v\u00e9\u010dka. Nezapomeneme sem vlo\u017eit ozna\u010dova\u010d.<\/p>\n<p><strong>19. \u0159ada:<\/strong> v podpa\u017ed\u00ed h\u00e1\u010dkujeme PDS v\u00e9\u010dko p\u0159es dva PDS z p\u0159edchoz\u00ed \u0159ady (5), PDS v\u00e9\u010dko do dvou PDS z p\u0159edchoz\u00ed \u0159ady a pokra\u010dujeme vzorem. Na konci p\u0159edn\u00edho d\u00edlu h\u00e1\u010dkujeme PDS v\u00e9\u010dko do dvou PDS z p\u0159edchoz\u00ed \u0159ady a pokra\u010dujeme PDS v\u00e9\u010dka v podpa\u017ed\u00ed (5). D\u00e1le pokra\u010dujeme vzorem PDS v\u00e9\u010dka (74 v\u00e9\u010dek).<\/p>\n<p><strong>Pozn<\/strong>. V podpa\u017ed\u00ed bychom m\u011bli m\u00edt jedno v\u00e9\u010dko p\u0159ed pru\u017en\u00fdm \u0159et\u00edzkem, celkem 5 v\u00e9\u010dek do PDS v pru\u017en\u00e9m \u0159et\u00edzku a jedno v\u00e9\u010dko po pru\u017en\u00e9m \u0159et\u00edzku, tj. 7 v ka\u017ed\u00e9m podpa\u017ed\u00ed.<\/p>\n<p><strong>Svet\u0159\u00edk, t\u011blo, h\u00e1\u010dek 7 mm<\/strong><br \/>\n<strong>20. \u2013 48. \u0159ada:<\/strong> h\u00e1\u010dkujeme PDS v\u00e9\u010dka dokola svet\u0159\u00edku.<\/p>\n<p><strong>Svet\u0159\u00edk, spodn\u00ed lem, h\u00e1\u010dek 6 mm<\/strong><br \/>\n<strong>49 . \u0159ada:<\/strong> h\u00e1\u010dkujeme PDS v\u00e9\u010dka.<br \/>\n<strong>50. &#8211; 53. \u0159ada:<\/strong> h\u00e1\u010dkujeme KS v\u00e9\u010dka.<\/p>\n<p><strong>Svet\u0159\u00edk, spodn\u00ed lem, h\u00e1\u010dek 5 mm<\/strong><br \/>\n<strong>54. \u0159ada:<\/strong> h\u00e1\u010dkujeme KS v\u00e9\u010dka.\u00a0Dv\u011b v\u00e9\u010dka p\u0159ed koncem posledn\u00ed \u0159ady h\u00e1\u010dkujeme jako dva sh\u00e1\u010dkovan\u00e9 PO, \u0158O, d\u00e1le dva sh\u00e1\u010dkovan\u00e9 PO, PO a PO. P\u0159\u00edzi ukon\u010d\u00edme.<\/p>\n<p><strong>Svet\u0159\u00edk, ruk\u00e1v, h\u00e1\u010dek 7 mm<\/strong><br \/>\n<strong>1. \u0159ada:<\/strong> za\u010d\u00edn\u00e1me v zadn\u00ed \u010d\u00e1sti svetru. Provle\u010deme p\u0159\u00edzi, ud\u011bl\u00e1me 2 \u0158O. Zrcadl\u00edme PDS v\u00e9\u010dka v sedle tak, aby n\u00e1m vzorek opticky navazoval (19 v\u00e9\u010dek + 1 v\u00e9\u010dko na za\u010d\u00e1tku a 1 v\u00e9\u010dko na konci). V podpa\u017ed\u00ed h\u00e1\u010dkujeme PDS v\u00e9\u010dko jakoby v rohu sedla, d\u00e1le h\u00e1\u010dkujeme PDS v\u00e9\u010dka tak, \u017ee jakoby p\u0159ekra\u010dujeme pru\u017en\u00fd \u0159et\u00edzek a\u017e do \u0159ady PDS (to jsou sloupky, kter\u00e9 jsme h\u00e1\u010dkovali v osmn\u00e1ct\u00e9 \u0159ad\u011b) (5 v\u00e9\u010dek) a na konci \u0159ady m\u00e1me jedno v\u00e9\u010dko v rohu, tj. ruk\u00e1v celkem 28 v\u00e9\u010dek.<\/p>\n<p><strong>Pozn<\/strong>. M\u016f\u017ee vyj\u00edt i 29 v\u00e9\u010dek, podle toho, jak budeme za\u010d\u00ednat a kon\u010dit \u0159adu, p\u0159\u00edpadn\u011b jak zpracujeme voln\u011b stoj\u00edc\u00ed PDS.<\/p>\n<p><strong>2. \u0159ada:<\/strong> do dal\u0161\u00ed \u0159ady p\u0159ejdeme pomoc\u00ed KS v\u00e9\u010dka, tj. h\u00e1\u010dek vedeme do mezery mezi n\u00e1hradu a prvn\u00ed sloupek a uh\u00e1\u010dkujeme PDS v\u00e9\u010dko. Od tohoto m\u00edsta h\u00e1\u010dkujeme tzv. dokola bez ukon\u010den\u00ed \u0159ady.<br \/>\n<strong>3. \u2013 39. \u0159ada:<\/strong> h\u00e1\u010dkujeme 28\/29 PDS v\u00e9\u010dek.<\/p>\n<p><strong>Svet\u0159\u00edk, ruk\u00e1v, h\u00e1\u010dek 5 mm<\/strong><br \/>\n<strong>40. \u0159ada:<\/strong> v t\u00e9to \u0159ad\u011b budeme h\u00e1\u010dkovat sch\u00e9ma KS v\u00e9\u010dko, KS v\u00e9\u010dko a jedno v\u00e9\u010dko jakoby p\u0159esko\u010d\u00edme, tj. pro nov\u00e9 v\u00e9\u010dko za\u010d\u00edn\u00e1me pod n\u00e1sleduj\u00edc\u00edm \u0158O nikoliv pod \u0158O, kde kon\u010d\u00ed p\u0159ede\u0161l\u00e9 v\u00e9\u010dko. T\u00edmto zp\u016fsobem redukujeme po\u010det v\u00e9\u010dek na 21\/22. Pro redukci v\u00e9\u010dek mrkn\u011bte na video n\u00e1vod pod textem!<br \/>\n<strong>41. \u2013 49. \u0159ada:<\/strong>\u00a0h\u00e1\u010dkujeme KS v\u00e9\u010dka, dv\u011b v\u00e9\u010dka p\u0159ed koncem posledn\u00ed \u0159ady h\u00e1\u010dkujeme jako dva sh\u00e1\u010dkovan\u00e9 PO, \u0158O, d\u00e1le dva sh\u00e1\u010dkovan\u00e9 PO, PO a PO. P\u0159\u00edzi ukon\u010d\u00edme.<\/p>\n<p>Druh\u00fd ruk\u00e1v uh\u00e1\u010dkujeme stejn\u011b. Hl\u00edd\u00e1me si, abychom m\u011bli stejn\u00fd po\u010det v\u00e9\u010dek.<\/p>\n<p><strong>Svet\u0159\u00edk, lem u krku, h\u00e1\u010dek 6 mm<\/strong><br \/>\n<strong>1. \u0159ada:<\/strong> za\u010d\u00edn\u00e1me v zadn\u00ed \u010d\u00e1sti svet\u0159\u00edku (je tam rozparek). H\u00e1\u010dkujeme PDS v\u00e9\u010dka a p\u0159ekra\u010dujeme pru\u017en\u00fd \u0159et\u00edzek. Navazujeme opticky na v\u00e9\u010dka dle sedla svet\u0159\u00edku. Do dal\u0161\u00ed \u0159ady p\u0159ejdeme pomoc\u00ed KS v\u00e9\u010dka, tj. h\u00e1\u010dek vedeme do mezery mezi n\u00e1hradu a prvn\u00ed sloupek a uh\u00e1\u010dkujeme KS v\u00e9\u010dko. Od tohoto m\u00edsta h\u00e1\u010dkujeme tzv. dokola bez ukon\u010den\u00ed \u0159ady.<\/p>\n<p><strong>Svet\u0159\u00edk, lem u krku, h\u00e1\u010dek 6 mm\/5 mm podle toho, jak moc pot\u0159ebujeme st\u00e1hnout v\u00fdst\u0159ih ke krku<\/strong><br \/>\n<strong>2. \u2013 6. \u0159ada:<\/strong>\u00a0h\u00e1\u010dkujeme KS v\u00e9\u010dka, dv\u011b v\u00e9\u010dka p\u0159ed koncem posledn\u00ed \u0159ady h\u00e1\u010dkujeme jako dva sh\u00e1\u010dkovan\u00e9 PO, \u0158O, d\u00e1le dva sh\u00e1\u010dkovan\u00e9 PO, PO a PO. P\u0159\u00edzi ukon\u010d\u00edme.<\/p>\n<p><strong>Dokon\u010den\u00ed\u00a0<\/strong><br \/>\nVoln\u00e9 konce zapo\u0161ijeme. Svet\u0159\u00edk dozdob\u00edme \u0161t\u00edtkem.<\/p>\n<p>N\u00e1vod pros\u00edm pou\u017e\u00edvejte\u00a0<strong>pro vlastn\u00ed pot\u0159ebu. Pro pou\u017eit\u00ed pro komer\u010dn\u00ed \u00fa\u010dely\u00a0<\/strong>mne pros\u00edm kontaktujte. V\u017edy pros\u00edm uv\u00e1d\u011bjte\u00a0<strong>ZDROJ, tj. www.krampolinka.cz. N\u00e1vod\u00a0<\/strong>je zpracov\u00e1n pro tuto konkr\u00e9tn\u00ed p\u0159\u00edzi, h\u00e1\u010dek a m\u00e9 utahov\u00e1n\u00ed. Pokud pou\u017eijete jinou p\u0159\u00edzi, h\u00e1\u010dek \u010di jinak utahujete ne\u017e j\u00e1,\u00a0<strong>v\u00fdsledn\u00fd v\u00fdrobek se m\u016f\u017ee li\u0161it!<\/strong><\/p>\n<p>Nejnov\u011bj\u0161\u00ed projekty, n\u00e1vody, n\u00e1pady, recenze, unboxing a h\u00e1\u010dkov\u00e1n\u00ed online m\u016f\u017eete sledovat:<\/p>\n<ul>\n<li><strong>Facebookov\u00e1<\/strong>\u00a0<strong>str\u00e1nka<\/strong>\u00a0<a href=\"https:\/\/www.facebook.com\/Krampolinka\/\">Krampolinka H\u00e1\u010dkov\u00e1n\u00ed Crochet<\/a>\u00a0(sd\u00edlen\u00ed n\u00e1vod\u016f)<\/li>\n<li><strong>Facebookov\u00e1<\/strong>\u00a0<strong>skupinka<\/strong>\u00a0<a href=\"https:\/\/www.facebook.com\/groups\/Krampolinka\/\">Krampolinka H\u00e1\u010dkov\u00e1n\u00ed Crochet for Anyone<\/a>\u00a0(uzav\u0159en\u00e1 skupinka)<\/li>\n<li><strong>Instagramov\u00fd<\/strong>\u00a0\u00fa\u010det\u00a0<a href=\"https:\/\/www.instagram.com\/\">Krampolinka H\u00e1\u010dkov\u00e1n\u00ed Crochet\u00a0<\/a>\u00a0(tvo\u0159en\u00ed)<\/li>\n<li><strong>YouTubov\u00fd<\/strong>\u00a0kan\u00e1l\u00a0<a href=\"https:\/\/www.youtube.com\/channel\/UC8XrhilWylzqq-uiZt3b5wQ?view_as=subscriber\">Krampolinka H\u00e1\u010dkov\u00e1n\u00ed Crochet<\/a>\u00a0(videa)<\/li>\n<li><strong>Pinterestov\u00fd<\/strong>\u00a0profil\u00a0<a href=\"https:\/\/cz.pinterest.com\/Krampolinka1\/wwwkrampolinkacz\/\">Krampolinka1<\/a><\/li>\n<li><strong>Ravelry<\/strong>\u00a0<a href=\"https:\/\/www.ravelry.com\/designers\/katy-ramil-krampolinka\">Katy Ramil Krampolinka<\/a>\u00a0(n\u00e1vody v anglick\u00e9m jazyce)<\/li>\n<\/ul>\n<p>U\u017e m\u00e1te novou\u00a0<strong>APKU PRO ANDROID?<\/strong>\u00a0M\u016f\u017eete zdarma st\u00e1hnout do sv\u00e9ho telefonu\/tabletu\u00a0<a href=\"https:\/\/play.google.com\/store\/apps\/details?id=com.krampolinka_crochet\"><strong>zde<\/strong><\/a>.<\/p>\n<p>Mnohokr\u00e1t d\u011bkuji za podporu, p\u0159\u00edze\u0148 a p\u0159edev\u0161\u00edm V\u00e1\u0161 \u010das.<\/p>\n<p>Ka\u010dka<\/p>\n<p><strong>VIDEO<\/strong><\/p>\n<p><iframe loading=\"lazy\" title=\"D\u00e1msk\u00fd h\u00e1\u010dkovan\u00fd svetr Milano. Krok za krokem.\" width=\"1080\" height=\"608\" src=\"https:\/\/www.youtube.com\/embed\/VfTiWs85rCU?feature=oembed\" frameborder=\"0\" allow=\"accelerometer; autoplay; clipboard-write; encrypted-media; gyroscope; picture-in-picture; web-share\" referrerpolicy=\"strict-origin-when-cross-origin\" allowfullscreen><\/iframe><\/p>\n\n\t\t<style type=\"text\/css\">\n\t\t\t#gallery-1 {\n\t\t\t\tmargin: auto;\n\t\t\t}\n\t\t\t#gallery-1 .gallery-item {\n\t\t\t\tfloat: left;\n\t\t\t\tmargin-top: 10px;\n\t\t\t\ttext-align: center;\n\t\t\t\twidth: 33%;\n\t\t\t}\n\t\t\t#gallery-1 img {\n\t\t\t\tborder: 2px solid #cfcfcf;\n\t\t\t}\n\t\t\t#gallery-1 .gallery-caption {\n\t\t\t\tmargin-left: 0;\n\t\t\t}\n\t\t\t\/* see gallery_shortcode() in wp-includes\/media.php *\/\n\t\t<\/style>\n\t\t<div id='gallery-1' class='gallery galleryid-11653 gallery-columns-3 gallery-size-thumbnail'><dl class='gallery-item'>\n\t\t\t<dt class='gallery-icon landscape'>\n\t\t\t\t<a href='https:\/\/www.krampolinka.cz\/wp-content\/uploads\/2021\/02\/milano-2.jpg'><img loading=\"lazy\" decoding=\"async\" width=\"250\" height=\"250\" src=\"https:\/\/www.krampolinka.cz\/wp-content\/uploads\/2021\/02\/milano-2-250x250.jpg\" class=\"attachment-thumbnail size-thumbnail\" alt=\"\" aria-describedby=\"gallery-1-11823\" srcset=\"https:\/\/www.krampolinka.cz\/wp-content\/uploads\/2021\/02\/milano-2-250x250.jpg 250w, https:\/\/www.krampolinka.cz\/wp-content\/uploads\/2021\/02\/milano-2-360x360.jpg 360w, https:\/\/www.krampolinka.cz\/wp-content\/uploads\/2021\/02\/milano-2-768x768.jpg 768w, https:\/\/www.krampolinka.cz\/wp-content\/uploads\/2021\/02\/milano-2-1024x1024.jpg 1024w, https:\/\/www.krampolinka.cz\/wp-content\/uploads\/2021\/02\/milano-2-140x140.jpg 140w, https:\/\/www.krampolinka.cz\/wp-content\/uploads\/2021\/02\/milano-2-500x500.jpg 500w, https:\/\/www.krampolinka.cz\/wp-content\/uploads\/2021\/02\/milano-2-720x720.jpg 720w, https:\/\/www.krampolinka.cz\/wp-content\/uploads\/2021\/02\/milano-2-180x180.jpg 180w, https:\/\/www.krampolinka.cz\/wp-content\/uploads\/2021\/02\/milano-2-300x300.jpg 300w, https:\/\/www.krampolinka.cz\/wp-content\/uploads\/2021\/02\/milano-2-600x600.jpg 600w, https:\/\/www.krampolinka.cz\/wp-content\/uploads\/2021\/02\/milano-2-100x100.jpg 100w, https:\/\/www.krampolinka.cz\/wp-content\/uploads\/2021\/02\/milano-2-50x50.jpg 50w, https:\/\/www.krampolinka.cz\/wp-content\/uploads\/2021\/02\/milano-2.jpg 1200w\" sizes=\"auto, (max-width: 250px) 100vw, 250px\" \/><\/a>\n\t\t\t<\/dt>\n\t\t\t\t<dd class='wp-caption-text gallery-caption' id='gallery-1-11823'>\n\t\t\t\tSvetr Milano\n\t\t\t\t<\/dd><\/dl><dl class='gallery-item'>\n\t\t\t<dt class='gallery-icon landscape'>\n\t\t\t\t<a href='https:\/\/www.krampolinka.cz\/wp-content\/uploads\/2021\/02\/milano-13.jpg'><img loading=\"lazy\" decoding=\"async\" width=\"250\" height=\"250\" src=\"https:\/\/www.krampolinka.cz\/wp-content\/uploads\/2021\/02\/milano-13-250x250.jpg\" class=\"attachment-thumbnail size-thumbnail\" alt=\"\" aria-describedby=\"gallery-1-11831\" srcset=\"https:\/\/www.krampolinka.cz\/wp-content\/uploads\/2021\/02\/milano-13-250x250.jpg 250w, https:\/\/www.krampolinka.cz\/wp-content\/uploads\/2021\/02\/milano-13-360x360.jpg 360w, https:\/\/www.krampolinka.cz\/wp-content\/uploads\/2021\/02\/milano-13-768x768.jpg 768w, https:\/\/www.krampolinka.cz\/wp-content\/uploads\/2021\/02\/milano-13-1024x1024.jpg 1024w, https:\/\/www.krampolinka.cz\/wp-content\/uploads\/2021\/02\/milano-13-140x140.jpg 140w, https:\/\/www.krampolinka.cz\/wp-content\/uploads\/2021\/02\/milano-13-500x500.jpg 500w, https:\/\/www.krampolinka.cz\/wp-content\/uploads\/2021\/02\/milano-13-720x720.jpg 720w, https:\/\/www.krampolinka.cz\/wp-content\/uploads\/2021\/02\/milano-13-180x180.jpg 180w, https:\/\/www.krampolinka.cz\/wp-content\/uploads\/2021\/02\/milano-13-300x300.jpg 300w, https:\/\/www.krampolinka.cz\/wp-content\/uploads\/2021\/02\/milano-13-600x600.jpg 600w, https:\/\/www.krampolinka.cz\/wp-content\/uploads\/2021\/02\/milano-13-100x100.jpg 100w, https:\/\/www.krampolinka.cz\/wp-content\/uploads\/2021\/02\/milano-13-50x50.jpg 50w, https:\/\/www.krampolinka.cz\/wp-content\/uploads\/2021\/02\/milano-13.jpg 1200w\" sizes=\"auto, (max-width: 250px) 100vw, 250px\" \/><\/a>\n\t\t\t<\/dt>\n\t\t\t\t<dd class='wp-caption-text gallery-caption' id='gallery-1-11831'>\n\t\t\t\tVelikost 40\n\t\t\t\t<\/dd><\/dl><dl class='gallery-item'>\n\t\t\t<dt class='gallery-icon landscape'>\n\t\t\t\t<a href='https:\/\/www.krampolinka.cz\/wp-content\/uploads\/2021\/02\/milano-3.jpg'><img loading=\"lazy\" decoding=\"async\" width=\"250\" height=\"250\" src=\"https:\/\/www.krampolinka.cz\/wp-content\/uploads\/2021\/02\/milano-3-250x250.jpg\" class=\"attachment-thumbnail size-thumbnail\" alt=\"\" aria-describedby=\"gallery-1-11824\" srcset=\"https:\/\/www.krampolinka.cz\/wp-content\/uploads\/2021\/02\/milano-3-250x250.jpg 250w, https:\/\/www.krampolinka.cz\/wp-content\/uploads\/2021\/02\/milano-3-360x360.jpg 360w, https:\/\/www.krampolinka.cz\/wp-content\/uploads\/2021\/02\/milano-3-768x768.jpg 768w, https:\/\/www.krampolinka.cz\/wp-content\/uploads\/2021\/02\/milano-3-1024x1024.jpg 1024w, https:\/\/www.krampolinka.cz\/wp-content\/uploads\/2021\/02\/milano-3-140x140.jpg 140w, https:\/\/www.krampolinka.cz\/wp-content\/uploads\/2021\/02\/milano-3-500x500.jpg 500w, https:\/\/www.krampolinka.cz\/wp-content\/uploads\/2021\/02\/milano-3-720x720.jpg 720w, https:\/\/www.krampolinka.cz\/wp-content\/uploads\/2021\/02\/milano-3-180x180.jpg 180w, https:\/\/www.krampolinka.cz\/wp-content\/uploads\/2021\/02\/milano-3-300x300.jpg 300w, https:\/\/www.krampolinka.cz\/wp-content\/uploads\/2021\/02\/milano-3-600x600.jpg 600w, https:\/\/www.krampolinka.cz\/wp-content\/uploads\/2021\/02\/milano-3-100x100.jpg 100w, https:\/\/www.krampolinka.cz\/wp-content\/uploads\/2021\/02\/milano-3-50x50.jpg 50w, https:\/\/www.krampolinka.cz\/wp-content\/uploads\/2021\/02\/milano-3.jpg 1200w\" sizes=\"auto, (max-width: 250px) 100vw, 250px\" \/><\/a>\n\t\t\t<\/dt>\n\t\t\t\t<dd class='wp-caption-text gallery-caption' id='gallery-1-11824'>\n\t\t\t\tD\u00e1msk\u00fd h\u00e1\u010dkovan\u00fd svetr\n\t\t\t\t<\/dd><\/dl><br style=\"clear: both\" \/><dl class='gallery-item'>\n\t\t\t<dt class='gallery-icon landscape'>\n\t\t\t\t<a href='https:\/\/www.krampolinka.cz\/wp-content\/uploads\/2021\/02\/milano-4.jpg'><img loading=\"lazy\" decoding=\"async\" width=\"250\" height=\"250\" src=\"https:\/\/www.krampolinka.cz\/wp-content\/uploads\/2021\/02\/milano-4-250x250.jpg\" class=\"attachment-thumbnail size-thumbnail\" alt=\"\" aria-describedby=\"gallery-1-11825\" srcset=\"https:\/\/www.krampolinka.cz\/wp-content\/uploads\/2021\/02\/milano-4-250x250.jpg 250w, https:\/\/www.krampolinka.cz\/wp-content\/uploads\/2021\/02\/milano-4-360x360.jpg 360w, https:\/\/www.krampolinka.cz\/wp-content\/uploads\/2021\/02\/milano-4-768x768.jpg 768w, https:\/\/www.krampolinka.cz\/wp-content\/uploads\/2021\/02\/milano-4-1024x1024.jpg 1024w, https:\/\/www.krampolinka.cz\/wp-content\/uploads\/2021\/02\/milano-4-140x140.jpg 140w, https:\/\/www.krampolinka.cz\/wp-content\/uploads\/2021\/02\/milano-4-500x500.jpg 500w, https:\/\/www.krampolinka.cz\/wp-content\/uploads\/2021\/02\/milano-4-720x720.jpg 720w, https:\/\/www.krampolinka.cz\/wp-content\/uploads\/2021\/02\/milano-4-180x180.jpg 180w, https:\/\/www.krampolinka.cz\/wp-content\/uploads\/2021\/02\/milano-4-300x300.jpg 300w, https:\/\/www.krampolinka.cz\/wp-content\/uploads\/2021\/02\/milano-4-600x600.jpg 600w, https:\/\/www.krampolinka.cz\/wp-content\/uploads\/2021\/02\/milano-4-100x100.jpg 100w, https:\/\/www.krampolinka.cz\/wp-content\/uploads\/2021\/02\/milano-4-50x50.jpg 50w, https:\/\/www.krampolinka.cz\/wp-content\/uploads\/2021\/02\/milano-4.jpg 1200w\" sizes=\"auto, (max-width: 250px) 100vw, 250px\" \/><\/a>\n\t\t\t<\/dt>\n\t\t\t\t<dd class='wp-caption-text gallery-caption' id='gallery-1-11825'>\n\t\t\t\tSvetr je h\u00e1\u010dkovan\u00fd od sedla\n\t\t\t\t<\/dd><\/dl><dl class='gallery-item'>\n\t\t\t<dt class='gallery-icon landscape'>\n\t\t\t\t<a href='https:\/\/www.krampolinka.cz\/wp-content\/uploads\/2021\/02\/milano-14.jpg'><img loading=\"lazy\" decoding=\"async\" width=\"250\" height=\"250\" src=\"https:\/\/www.krampolinka.cz\/wp-content\/uploads\/2021\/02\/milano-14-250x250.jpg\" class=\"attachment-thumbnail size-thumbnail\" alt=\"\" aria-describedby=\"gallery-1-11832\" srcset=\"https:\/\/www.krampolinka.cz\/wp-content\/uploads\/2021\/02\/milano-14-250x250.jpg 250w, https:\/\/www.krampolinka.cz\/wp-content\/uploads\/2021\/02\/milano-14-360x360.jpg 360w, https:\/\/www.krampolinka.cz\/wp-content\/uploads\/2021\/02\/milano-14-768x768.jpg 768w, https:\/\/www.krampolinka.cz\/wp-content\/uploads\/2021\/02\/milano-14-1024x1024.jpg 1024w, https:\/\/www.krampolinka.cz\/wp-content\/uploads\/2021\/02\/milano-14-140x140.jpg 140w, https:\/\/www.krampolinka.cz\/wp-content\/uploads\/2021\/02\/milano-14-500x500.jpg 500w, https:\/\/www.krampolinka.cz\/wp-content\/uploads\/2021\/02\/milano-14-720x720.jpg 720w, https:\/\/www.krampolinka.cz\/wp-content\/uploads\/2021\/02\/milano-14-180x180.jpg 180w, https:\/\/www.krampolinka.cz\/wp-content\/uploads\/2021\/02\/milano-14-300x300.jpg 300w, https:\/\/www.krampolinka.cz\/wp-content\/uploads\/2021\/02\/milano-14-600x600.jpg 600w, https:\/\/www.krampolinka.cz\/wp-content\/uploads\/2021\/02\/milano-14-100x100.jpg 100w, https:\/\/www.krampolinka.cz\/wp-content\/uploads\/2021\/02\/milano-14-50x50.jpg 50w, https:\/\/www.krampolinka.cz\/wp-content\/uploads\/2021\/02\/milano-14.jpg 1200w\" sizes=\"auto, (max-width: 250px) 100vw, 250px\" \/><\/a>\n\t\t\t<\/dt>\n\t\t\t\t<dd class='wp-caption-text gallery-caption' id='gallery-1-11832'>\n\t\t\t\tSvetr s kulat\u00fdm v\u00fdst\u0159ihem\n\t\t\t\t<\/dd><\/dl><dl class='gallery-item'>\n\t\t\t<dt class='gallery-icon landscape'>\n\t\t\t\t<a href='https:\/\/www.krampolinka.cz\/wp-content\/uploads\/2021\/02\/milano-5.jpg'><img loading=\"lazy\" decoding=\"async\" width=\"250\" height=\"250\" src=\"https:\/\/www.krampolinka.cz\/wp-content\/uploads\/2021\/02\/milano-5-250x250.jpg\" class=\"attachment-thumbnail size-thumbnail\" alt=\"\" aria-describedby=\"gallery-1-11826\" srcset=\"https:\/\/www.krampolinka.cz\/wp-content\/uploads\/2021\/02\/milano-5-250x250.jpg 250w, https:\/\/www.krampolinka.cz\/wp-content\/uploads\/2021\/02\/milano-5-360x360.jpg 360w, https:\/\/www.krampolinka.cz\/wp-content\/uploads\/2021\/02\/milano-5-768x768.jpg 768w, https:\/\/www.krampolinka.cz\/wp-content\/uploads\/2021\/02\/milano-5-1024x1024.jpg 1024w, https:\/\/www.krampolinka.cz\/wp-content\/uploads\/2021\/02\/milano-5-140x140.jpg 140w, https:\/\/www.krampolinka.cz\/wp-content\/uploads\/2021\/02\/milano-5-500x500.jpg 500w, https:\/\/www.krampolinka.cz\/wp-content\/uploads\/2021\/02\/milano-5-720x720.jpg 720w, https:\/\/www.krampolinka.cz\/wp-content\/uploads\/2021\/02\/milano-5-180x180.jpg 180w, https:\/\/www.krampolinka.cz\/wp-content\/uploads\/2021\/02\/milano-5-300x300.jpg 300w, https:\/\/www.krampolinka.cz\/wp-content\/uploads\/2021\/02\/milano-5-600x600.jpg 600w, https:\/\/www.krampolinka.cz\/wp-content\/uploads\/2021\/02\/milano-5-100x100.jpg 100w, https:\/\/www.krampolinka.cz\/wp-content\/uploads\/2021\/02\/milano-5-50x50.jpg 50w, https:\/\/www.krampolinka.cz\/wp-content\/uploads\/2021\/02\/milano-5.jpg 1200w\" sizes=\"auto, (max-width: 250px) 100vw, 250px\" \/><\/a>\n\t\t\t<\/dt>\n\t\t\t\t<dd class='wp-caption-text gallery-caption' id='gallery-1-11826'>\n\t\t\t\tSvetr Milano  &#8211; n\u00e1vod na www.kampolinka.cz\n\t\t\t\t<\/dd><\/dl><br style=\"clear: both\" \/><dl class='gallery-item'>\n\t\t\t<dt class='gallery-icon landscape'>\n\t\t\t\t<a href='https:\/\/www.krampolinka.cz\/wp-content\/uploads\/2021\/02\/milano-6.jpg'><img loading=\"lazy\" decoding=\"async\" width=\"250\" height=\"250\" src=\"https:\/\/www.krampolinka.cz\/wp-content\/uploads\/2021\/02\/milano-6-250x250.jpg\" class=\"attachment-thumbnail size-thumbnail\" alt=\"\" aria-describedby=\"gallery-1-11827\" srcset=\"https:\/\/www.krampolinka.cz\/wp-content\/uploads\/2021\/02\/milano-6-250x250.jpg 250w, https:\/\/www.krampolinka.cz\/wp-content\/uploads\/2021\/02\/milano-6-360x360.jpg 360w, https:\/\/www.krampolinka.cz\/wp-content\/uploads\/2021\/02\/milano-6-768x768.jpg 768w, https:\/\/www.krampolinka.cz\/wp-content\/uploads\/2021\/02\/milano-6-1024x1024.jpg 1024w, https:\/\/www.krampolinka.cz\/wp-content\/uploads\/2021\/02\/milano-6-140x140.jpg 140w, https:\/\/www.krampolinka.cz\/wp-content\/uploads\/2021\/02\/milano-6-500x500.jpg 500w, https:\/\/www.krampolinka.cz\/wp-content\/uploads\/2021\/02\/milano-6-720x720.jpg 720w, https:\/\/www.krampolinka.cz\/wp-content\/uploads\/2021\/02\/milano-6-180x180.jpg 180w, https:\/\/www.krampolinka.cz\/wp-content\/uploads\/2021\/02\/milano-6-300x300.jpg 300w, https:\/\/www.krampolinka.cz\/wp-content\/uploads\/2021\/02\/milano-6-600x600.jpg 600w, https:\/\/www.krampolinka.cz\/wp-content\/uploads\/2021\/02\/milano-6-100x100.jpg 100w, https:\/\/www.krampolinka.cz\/wp-content\/uploads\/2021\/02\/milano-6-50x50.jpg 50w, https:\/\/www.krampolinka.cz\/wp-content\/uploads\/2021\/02\/milano-6.jpg 1200w\" sizes=\"auto, (max-width: 250px) 100vw, 250px\" \/><\/a>\n\t\t\t<\/dt>\n\t\t\t\t<dd class='wp-caption-text gallery-caption' id='gallery-1-11827'>\n\t\t\t\tSpot\u0159eba je 10 klub\u00ed\u010dek MIlano\n\t\t\t\t<\/dd><\/dl><dl class='gallery-item'>\n\t\t\t<dt class='gallery-icon portrait'>\n\t\t\t\t<a href='https:\/\/www.krampolinka.cz\/wp-content\/uploads\/2021\/02\/milano-9.jpg'><img loading=\"lazy\" decoding=\"async\" width=\"250\" height=\"250\" src=\"https:\/\/www.krampolinka.cz\/wp-content\/uploads\/2021\/02\/milano-9-250x250.jpg\" class=\"attachment-thumbnail size-thumbnail\" alt=\"\" aria-describedby=\"gallery-1-11830\" srcset=\"https:\/\/www.krampolinka.cz\/wp-content\/uploads\/2021\/02\/milano-9-250x250.jpg 250w, https:\/\/www.krampolinka.cz\/wp-content\/uploads\/2021\/02\/milano-9-360x360.jpg 360w, https:\/\/www.krampolinka.cz\/wp-content\/uploads\/2021\/02\/milano-9-768x771.jpg 768w, https:\/\/www.krampolinka.cz\/wp-content\/uploads\/2021\/02\/milano-9-1021x1024.jpg 1021w, https:\/\/www.krampolinka.cz\/wp-content\/uploads\/2021\/02\/milano-9-140x140.jpg 140w, https:\/\/www.krampolinka.cz\/wp-content\/uploads\/2021\/02\/milano-9-500x500.jpg 500w, https:\/\/www.krampolinka.cz\/wp-content\/uploads\/2021\/02\/milano-9-720x722.jpg 720w, https:\/\/www.krampolinka.cz\/wp-content\/uploads\/2021\/02\/milano-9-180x180.jpg 180w, https:\/\/www.krampolinka.cz\/wp-content\/uploads\/2021\/02\/milano-9-300x300.jpg 300w, https:\/\/www.krampolinka.cz\/wp-content\/uploads\/2021\/02\/milano-9-600x602.jpg 600w, https:\/\/www.krampolinka.cz\/wp-content\/uploads\/2021\/02\/milano-9-100x100.jpg 100w, https:\/\/www.krampolinka.cz\/wp-content\/uploads\/2021\/02\/milano-9-50x50.jpg 50w, https:\/\/www.krampolinka.cz\/wp-content\/uploads\/2021\/02\/milano-9.jpg 1196w\" sizes=\"auto, (max-width: 250px) 100vw, 250px\" \/><\/a>\n\t\t\t<\/dt>\n\t\t\t\t<dd class='wp-caption-text gallery-caption' id='gallery-1-11830'>\n\t\t\t\tD\u00e9lku ruk\u00e1vu a d\u00e9lku svetru si p\u0159izp\u016fsob\u00edme v\u00fd\u0161ce\n\t\t\t\t<\/dd><\/dl><dl class='gallery-item'>\n\t\t\t<dt class='gallery-icon portrait'>\n\t\t\t\t<a href='https:\/\/www.krampolinka.cz\/wp-content\/uploads\/2021\/02\/milano-8.jpg'><img loading=\"lazy\" decoding=\"async\" width=\"250\" height=\"250\" src=\"https:\/\/www.krampolinka.cz\/wp-content\/uploads\/2021\/02\/milano-8-250x250.jpg\" class=\"attachment-thumbnail size-thumbnail\" alt=\"\" aria-describedby=\"gallery-1-11829\" srcset=\"https:\/\/www.krampolinka.cz\/wp-content\/uploads\/2021\/02\/milano-8-250x250.jpg 250w, https:\/\/www.krampolinka.cz\/wp-content\/uploads\/2021\/02\/milano-8-360x360.jpg 360w, https:\/\/www.krampolinka.cz\/wp-content\/uploads\/2021\/02\/milano-8-768x769.jpg 768w, https:\/\/www.krampolinka.cz\/wp-content\/uploads\/2021\/02\/milano-8-1022x1024.jpg 1022w, https:\/\/www.krampolinka.cz\/wp-content\/uploads\/2021\/02\/milano-8-140x140.jpg 140w, https:\/\/www.krampolinka.cz\/wp-content\/uploads\/2021\/02\/milano-8-500x500.jpg 500w, https:\/\/www.krampolinka.cz\/wp-content\/uploads\/2021\/02\/milano-8-720x721.jpg 720w, https:\/\/www.krampolinka.cz\/wp-content\/uploads\/2021\/02\/milano-8-180x180.jpg 180w, https:\/\/www.krampolinka.cz\/wp-content\/uploads\/2021\/02\/milano-8-300x300.jpg 300w, https:\/\/www.krampolinka.cz\/wp-content\/uploads\/2021\/02\/milano-8-600x601.jpg 600w, https:\/\/www.krampolinka.cz\/wp-content\/uploads\/2021\/02\/milano-8-100x100.jpg 100w, https:\/\/www.krampolinka.cz\/wp-content\/uploads\/2021\/02\/milano-8-50x50.jpg 50w, https:\/\/www.krampolinka.cz\/wp-content\/uploads\/2021\/02\/milano-8.jpg 1198w\" sizes=\"auto, (max-width: 250px) 100vw, 250px\" \/><\/a>\n\t\t\t<\/dt>\n\t\t\t\t<dd class='wp-caption-text gallery-caption' id='gallery-1-11829'>\n\t\t\t\tSvetr dozdob\u00edme \u0161t\u00edtkem\n\t\t\t\t<\/dd><\/dl><br style=\"clear: both\" \/><dl class='gallery-item'>\n\t\t\t<dt class='gallery-icon landscape'>\n\t\t\t\t<a href='https:\/\/www.krampolinka.cz\/wp-content\/uploads\/2021\/02\/milano-7.jpg'><img loading=\"lazy\" decoding=\"async\" width=\"250\" height=\"250\" src=\"https:\/\/www.krampolinka.cz\/wp-content\/uploads\/2021\/02\/milano-7-250x250.jpg\" class=\"attachment-thumbnail size-thumbnail\" alt=\"\" aria-describedby=\"gallery-1-11828\" srcset=\"https:\/\/www.krampolinka.cz\/wp-content\/uploads\/2021\/02\/milano-7-250x250.jpg 250w, https:\/\/www.krampolinka.cz\/wp-content\/uploads\/2021\/02\/milano-7-360x360.jpg 360w, https:\/\/www.krampolinka.cz\/wp-content\/uploads\/2021\/02\/milano-7-768x768.jpg 768w, https:\/\/www.krampolinka.cz\/wp-content\/uploads\/2021\/02\/milano-7-1024x1024.jpg 1024w, https:\/\/www.krampolinka.cz\/wp-content\/uploads\/2021\/02\/milano-7-140x140.jpg 140w, https:\/\/www.krampolinka.cz\/wp-content\/uploads\/2021\/02\/milano-7-500x500.jpg 500w, https:\/\/www.krampolinka.cz\/wp-content\/uploads\/2021\/02\/milano-7-720x720.jpg 720w, https:\/\/www.krampolinka.cz\/wp-content\/uploads\/2021\/02\/milano-7-180x180.jpg 180w, https:\/\/www.krampolinka.cz\/wp-content\/uploads\/2021\/02\/milano-7-300x300.jpg 300w, https:\/\/www.krampolinka.cz\/wp-content\/uploads\/2021\/02\/milano-7-600x600.jpg 600w, https:\/\/www.krampolinka.cz\/wp-content\/uploads\/2021\/02\/milano-7-100x100.jpg 100w, https:\/\/www.krampolinka.cz\/wp-content\/uploads\/2021\/02\/milano-7-50x50.jpg 50w, https:\/\/www.krampolinka.cz\/wp-content\/uploads\/2021\/02\/milano-7.jpg 1200w\" sizes=\"auto, (max-width: 250px) 100vw, 250px\" \/><\/a>\n\t\t\t<\/dt>\n\t\t\t\t<dd class='wp-caption-text gallery-caption' id='gallery-1-11828'>\n\t\t\t\tNa v\u011bt\u0161\u00ed velikost bude v\u011bt\u0161\u00ed spot\u0159eba\n\t\t\t\t<\/dd><\/dl><dl class='gallery-item'>\n\t\t\t<dt class='gallery-icon landscape'>\n\t\t\t\t<a href='https:\/\/www.krampolinka.cz\/wp-content\/uploads\/2021\/02\/milano-15.jpg'><img loading=\"lazy\" decoding=\"async\" width=\"250\" height=\"250\" src=\"https:\/\/www.krampolinka.cz\/wp-content\/uploads\/2021\/02\/milano-15-250x250.jpg\" class=\"attachment-thumbnail size-thumbnail\" alt=\"\" aria-describedby=\"gallery-1-11833\" srcset=\"https:\/\/www.krampolinka.cz\/wp-content\/uploads\/2021\/02\/milano-15-250x250.jpg 250w, https:\/\/www.krampolinka.cz\/wp-content\/uploads\/2021\/02\/milano-15-360x360.jpg 360w, https:\/\/www.krampolinka.cz\/wp-content\/uploads\/2021\/02\/milano-15-768x766.jpg 768w, https:\/\/www.krampolinka.cz\/wp-content\/uploads\/2021\/02\/milano-15-1024x1021.jpg 1024w, https:\/\/www.krampolinka.cz\/wp-content\/uploads\/2021\/02\/milano-15-140x140.jpg 140w, https:\/\/www.krampolinka.cz\/wp-content\/uploads\/2021\/02\/milano-15-500x500.jpg 500w, https:\/\/www.krampolinka.cz\/wp-content\/uploads\/2021\/02\/milano-15-720x718.jpg 720w, https:\/\/www.krampolinka.cz\/wp-content\/uploads\/2021\/02\/milano-15-180x180.jpg 180w, https:\/\/www.krampolinka.cz\/wp-content\/uploads\/2021\/02\/milano-15-300x300.jpg 300w, https:\/\/www.krampolinka.cz\/wp-content\/uploads\/2021\/02\/milano-15-600x599.jpg 600w, https:\/\/www.krampolinka.cz\/wp-content\/uploads\/2021\/02\/milano-15-100x100.jpg 100w, https:\/\/www.krampolinka.cz\/wp-content\/uploads\/2021\/02\/milano-15-50x50.jpg 50w, https:\/\/www.krampolinka.cz\/wp-content\/uploads\/2021\/02\/milano-15.jpg 1200w\" sizes=\"auto, (max-width: 250px) 100vw, 250px\" \/><\/a>\n\t\t\t<\/dt>\n\t\t\t\t<dd class='wp-caption-text gallery-caption' id='gallery-1-11833'>\n\t\t\t\tH\u0159ejiv\u00fd h\u00e1\u010dkovan\u00fd svetr od podzimu do jara\n\t\t\t\t<\/dd><\/dl><dl class='gallery-item'>\n\t\t\t<dt class='gallery-icon landscape'>\n\t\t\t\t<a href='https:\/\/www.krampolinka.cz\/wp-content\/uploads\/2021\/02\/Sedlo-svetr-Milano-n\u00e1kres.jpg'><img loading=\"lazy\" decoding=\"async\" width=\"250\" height=\"250\" src=\"https:\/\/www.krampolinka.cz\/wp-content\/uploads\/2021\/02\/Sedlo-svetr-Milano-n\u00e1kres-250x250.jpg\" class=\"attachment-thumbnail size-thumbnail\" alt=\"\" aria-describedby=\"gallery-1-11834\" srcset=\"https:\/\/www.krampolinka.cz\/wp-content\/uploads\/2021\/02\/Sedlo-svetr-Milano-n\u00e1kres-250x250.jpg 250w, https:\/\/www.krampolinka.cz\/wp-content\/uploads\/2021\/02\/Sedlo-svetr-Milano-n\u00e1kres-140x140.jpg 140w, https:\/\/www.krampolinka.cz\/wp-content\/uploads\/2021\/02\/Sedlo-svetr-Milano-n\u00e1kres-500x500.jpg 500w, https:\/\/www.krampolinka.cz\/wp-content\/uploads\/2021\/02\/Sedlo-svetr-Milano-n\u00e1kres-180x180.jpg 180w, https:\/\/www.krampolinka.cz\/wp-content\/uploads\/2021\/02\/Sedlo-svetr-Milano-n\u00e1kres-300x300.jpg 300w, https:\/\/www.krampolinka.cz\/wp-content\/uploads\/2021\/02\/Sedlo-svetr-Milano-n\u00e1kres-100x100.jpg 100w, https:\/\/www.krampolinka.cz\/wp-content\/uploads\/2021\/02\/Sedlo-svetr-Milano-n\u00e1kres-50x50.jpg 50w\" sizes=\"auto, (max-width: 250px) 100vw, 250px\" \/><\/a>\n\t\t\t<\/dt>\n\t\t\t\t<dd class='wp-caption-text gallery-caption' id='gallery-1-11834'>\n\t\t\t\tGrafick\u00fd n\u00e1kres sedla\n\t\t\t\t<\/dd><\/dl><br style=\"clear: both\" \/>\n\t\t<\/div>\n\n","protected":false},"excerpt":{"rendered":"<p>Kdy\u017e mi doputovala novinka YarnArt Milano, byla jsem rozhodnut\u00e1, \u017ee si vytvo\u0159\u00edm n\u011bco pro sebe. No a jeliko\u017e jedu st\u00e1le na vln\u011b svet\u0159\u00edk\u016f a jsou st\u00e1le v kurzu v\u00e9\u010dka, tak jsem uh\u00e1\u010dkovala d\u00e1msk\u00fd svetr z v\u00e9\u010dek.<\/p>\n","protected":false},"author":1,"featured_media":11835,"comment_status":"open","ping_status":"open","sticky":false,"template":"","format":"standard","meta":{"footnotes":""},"categories":[205,307],"tags":[1634,642,1393,557],"class_list":["post-11653","post","type-post","status-publish","format-standard","has-post-thumbnail","hentry","category-videopattern","category-svetriky-vesty-ponca-kardigany","tag-milano","tag-svetr","tag-sweater","tag-vecka"],"translation":{"provider":"WPGlobus","version":"3.0.2","language":"en","enabled_languages":["cz","en"],"languages":{"cz":{"title":true,"content":true,"excerpt":false},"en":{"title":false,"content":false,"excerpt":false}}},"yoast_head":"<!-- This site is optimized with the Yoast SEO plugin v27.5 - https:\/\/yoast.com\/product\/yoast-seo-wordpress\/ -->\n<title>Par\u00e1dn\u00ed h\u00e1\u010dkovan\u00fd svet\u0159\u00edk od podzimu do jara - www.krampolinka.cz<\/title>\n<meta name=\"robots\" content=\"index, follow, max-snippet:-1, max-image-preview:large, max-video-preview:-1\" \/>\n<link rel=\"canonical\" href=\"https:\/\/www.krampolinka.cz\/svetr-milano\/\" \/>\n<meta property=\"og:locale\" content=\"en_US\" \/>\n<meta property=\"og:type\" content=\"article\" \/>\n<meta property=\"og:title\" content=\"Svetr Milano &#183; Free Crochet Patterns Krampolinka\" \/>\n<meta property=\"og:url\" content=\"https:\/\/www.krampolinka.cz\/svetr-milano\/\" \/>\n<meta property=\"og:site_name\" content=\"Free Crochet Patterns Krampolinka\" \/>\n<meta property=\"article:publisher\" content=\"https:\/\/www.facebook.com\/Krampolinka\/?ref=bookmarks\" \/>\n<meta property=\"article:author\" content=\"https:\/\/www.facebook.com\/Krampolinka\/?ref=bookmarks\" \/>\n<meta property=\"article:published_time\" content=\"2021-02-07T17:12:14+00:00\" \/>\n<meta property=\"article:modified_time\" content=\"2022-09-23T05:08:33+00:00\" \/>\n<meta property=\"og:image\" content=\"https:\/\/www.krampolinka.cz\/wp-content\/uploads\/2021\/02\/Zahlavi-web-6.png\" \/>\n\t<meta property=\"og:image:width\" content=\"1200\" \/>\n\t<meta property=\"og:image:height\" content=\"621\" \/>\n\t<meta property=\"og:image:type\" content=\"image\/png\" \/>\n<meta name=\"author\" content=\"Krampolinka\" \/>\n<meta name=\"twitter:card\" content=\"summary_large_image\" \/>\n<meta name=\"twitter:label1\" content=\"Written by\" \/>\n\t<meta name=\"twitter:data1\" content=\"Krampolinka\" \/>\n\t<meta name=\"twitter:label2\" content=\"Est. reading time\" \/>\n\t<meta name=\"twitter:data2\" content=\"16 minutes\" \/>\n<script type=\"application\/ld+json\" class=\"yoast-schema-graph\">{\"@context\":\"https:\\\/\\\/schema.org\",\"@graph\":[{\"@type\":\"Article\",\"@id\":\"https:\\\/\\\/www.krampolinka.cz\\\/svetr-milano\\\/#article\",\"isPartOf\":{\"@id\":\"https:\\\/\\\/www.krampolinka.cz\\\/svetr-milano\\\/\"},\"author\":{\"name\":\"Krampolinka\",\"@id\":\"https:\\\/\\\/www.krampolinka.cz\\\/#\\\/schema\\\/person\\\/3bbed8d08476eca23911fc89fee02a52\"},\"headline\":\"Svetr Milano\",\"datePublished\":\"2021-02-07T17:12:14+00:00\",\"dateModified\":\"2022-09-23T05:08:33+00:00\",\"mainEntityOfPage\":{\"@id\":\"https:\\\/\\\/www.krampolinka.cz\\\/svetr-milano\\\/\"},\"wordCount\":3205,\"commentCount\":3,\"publisher\":{\"@id\":\"https:\\\/\\\/www.krampolinka.cz\\\/#\\\/schema\\\/person\\\/3bbed8d08476eca23911fc89fee02a52\"},\"image\":{\"@id\":\"https:\\\/\\\/www.krampolinka.cz\\\/svetr-milano\\\/#primaryimage\"},\"thumbnailUrl\":\"https:\\\/\\\/www.krampolinka.cz\\\/wp-content\\\/uploads\\\/2021\\\/02\\\/Zahlavi-web-6.png\",\"keywords\":[\"milano\",\"svetr\",\"sweater\",\"v\u00e9\u010dka\"],\"articleSection\":[\"Videopatterns\",\"Svetry\"],\"inLanguage\":\"en-US\",\"potentialAction\":[{\"@type\":\"CommentAction\",\"name\":\"Comment\",\"target\":[\"https:\\\/\\\/www.krampolinka.cz\\\/svetr-milano\\\/#respond\"]}]},{\"@type\":\"WebPage\",\"@id\":\"https:\\\/\\\/www.krampolinka.cz\\\/svetr-milano\\\/\",\"url\":\"https:\\\/\\\/www.krampolinka.cz\\\/svetr-milano\\\/\",\"name\":\"Par\u00e1dn\u00ed h\u00e1\u010dkovan\u00fd svet\u0159\u00edk od podzimu do jara - www.krampolinka.cz\",\"isPartOf\":{\"@id\":\"https:\\\/\\\/www.krampolinka.cz\\\/#website\"},\"primaryImageOfPage\":{\"@id\":\"https:\\\/\\\/www.krampolinka.cz\\\/svetr-milano\\\/#primaryimage\"},\"image\":{\"@id\":\"https:\\\/\\\/www.krampolinka.cz\\\/svetr-milano\\\/#primaryimage\"},\"thumbnailUrl\":\"https:\\\/\\\/www.krampolinka.cz\\\/wp-content\\\/uploads\\\/2021\\\/02\\\/Zahlavi-web-6.png\",\"datePublished\":\"2021-02-07T17:12:14+00:00\",\"dateModified\":\"2022-09-23T05:08:33+00:00\",\"description\":\"H\u00e1\u010dkovan\u00fd svetr co vypad\u00e1 jako pleten\u00fd? Pro\u010d ne! Na svet\u0159\u00edk jsem pou\u017eila p\u0159\u00edzi sm\u011bs vlna, alpaka a akryl. Svet\u0159\u00edk zah\u0159eje od podzimu do jara.\",\"breadcrumb\":{\"@id\":\"https:\\\/\\\/www.krampolinka.cz\\\/svetr-milano\\\/#breadcrumb\"},\"inLanguage\":\"en-US\",\"potentialAction\":[{\"@type\":\"ReadAction\",\"target\":[\"https:\\\/\\\/www.krampolinka.cz\\\/svetr-milano\\\/\"]}]},{\"@type\":\"ImageObject\",\"inLanguage\":\"en-US\",\"@id\":\"https:\\\/\\\/www.krampolinka.cz\\\/svetr-milano\\\/#primaryimage\",\"url\":\"https:\\\/\\\/www.krampolinka.cz\\\/wp-content\\\/uploads\\\/2021\\\/02\\\/Zahlavi-web-6.png\",\"contentUrl\":\"https:\\\/\\\/www.krampolinka.cz\\\/wp-content\\\/uploads\\\/2021\\\/02\\\/Zahlavi-web-6.png\",\"width\":1200,\"height\":621},{\"@type\":\"BreadcrumbList\",\"@id\":\"https:\\\/\\\/www.krampolinka.cz\\\/svetr-milano\\\/#breadcrumb\",\"itemListElement\":[{\"@type\":\"ListItem\",\"position\":1,\"name\":\"Home\",\"item\":\"https:\\\/\\\/www.krampolinka.cz\\\/\"},{\"@type\":\"ListItem\",\"position\":2,\"name\":\"Svetr Milano\"}]},{\"@type\":\"WebSite\",\"@id\":\"https:\\\/\\\/www.krampolinka.cz\\\/#website\",\"url\":\"https:\\\/\\\/www.krampolinka.cz\\\/\",\"name\":\"Krampolinka H\u00e1\u010dkov\u00e1n\u00ed Crochet\",\"description\":\"Free Crochet Patterns and Video Tutorials Krampolinka\",\"publisher\":{\"@id\":\"https:\\\/\\\/www.krampolinka.cz\\\/#\\\/schema\\\/person\\\/3bbed8d08476eca23911fc89fee02a52\"},\"potentialAction\":[{\"@type\":\"SearchAction\",\"target\":{\"@type\":\"EntryPoint\",\"urlTemplate\":\"https:\\\/\\\/www.krampolinka.cz\\\/?s={search_term_string}\"},\"query-input\":{\"@type\":\"PropertyValueSpecification\",\"valueRequired\":true,\"valueName\":\"search_term_string\"}}],\"inLanguage\":\"en-US\"},{\"@type\":[\"Person\",\"Organization\"],\"@id\":\"https:\\\/\\\/www.krampolinka.cz\\\/#\\\/schema\\\/person\\\/3bbed8d08476eca23911fc89fee02a52\",\"name\":\"Krampolinka\",\"logo\":{\"@id\":\"https:\\\/\\\/www.krampolinka.cz\\\/#\\\/schema\\\/person\\\/image\\\/\"},\"description\":\"V\u00edtejte u mne doma \u2013 na str\u00e1nce www.krampolinka.cz D\u011bkuji za milou n\u00e1v\u0161t\u011bvu. Ru\u010dn\u011b vyroben\u00e1 v\u011bc m\u00e1 du\u0161i a srdce, m\u00e1 p\u0159\u00edb\u011bh, m\u00e1 d\u016fvod, m\u00e1 historii. Je propojen\u00e1 s t\u00edm, kdo ji vyr\u00e1b\u00ed, s t\u00edm, kdo si ji p\u0159\u00e1l, nebo s t\u00edm, kdo ji dostane. Jmenuji se Katka, m\u00e1m \u00fa\u017easnou dceru a h\u00e1\u010dkov\u00e1n\u00ed je m\u016fj snov\u00fd sv\u011bt, kam si odb\u00edh\u00e1m odpo\u010dinout od denn\u00ed reality a sou\u010dasn\u011b na\u010derpat dal\u0161\u00ed energii. R\u00e1da bych v\u00e1m touto cestou nab\u00eddla sv\u00e9 kreativn\u00ed j\u00e1, kter\u00e9 prom\u00edt\u00e1m do n\u00e1vod\u016f a videon\u00e1vod\u016f. Moje filozofie je poskytnout sv\u00e9 zku\u0161enosti a n\u00e1pady ZDARMA v\u0161em, kte\u0159\u00ed v h\u00e1\u010dkov\u00e1n\u00ed nalezli nov\u00e9ho \u201epar\u0165\u00e1ka\u201c a maj\u00ed chu\u0165 do tvo\u0159en\u00ed. H\u00e1\u010dkov\u00e1n\u00ed vn\u00edm\u00e1m jako tradi\u010dn\u00ed rukod\u011blnou \u010dinnost, kter\u00e1 b\u00fdvala b\u011b\u017enou v\u00fdbavou ka\u017ed\u00e9 \u017eeny. Tradici je pot\u0159eba p\u0159ed\u00e1vat d\u00e1l, a to jde pouze tehdy, kdy\u017e jsme schopni se o sv\u00e9 zku\u0161enosti nezi\u0161tn\u011b pod\u011blit. Krom\u011b n\u00e1vod\u016f se zde na webovce dozv\u00edte i spoustu informac\u00ed o novink\u00e1ch v oblasti p\u0159\u00edz\u00ed, report\u00e1\u017ee, informace o vych\u00e1zej\u00edc\u00edch \u010dasopisech, knih\u00e1ch nebo trendech v h\u00e1\u010dkov\u00e1n\u00ed. Sou\u010d\u00e1st\u00ed str\u00e1nky je i mal\u00e1 \u0161koli\u010dka h\u00e1\u010dkov\u00e1n\u00ed s videi, tak\u017ee se zde neztrat\u00ed ani za\u010d\u00e1te\u010dn\u00edk. Budu m\u00edt radost, pokud budete tvo\u0159it dle m\u00fdch n\u00e1vod\u016f. Popros\u00edm jen o jedin\u00e9 \u2013 nezneu\u017e\u00edvejte jich ke komer\u010dn\u00edm \u00fa\u010del\u016fm. Bylo by to nef\u00e9r. V n\u00e1vodech nech\u00e1v\u00e1m kus sebe, sv\u016fj \u010das, sv\u00e9 ide\u00e1ly, n\u00e1pady, p\u0159edstavy i n\u00e1lady, m\u016fj jedine\u010dn\u00fd podpis. Pokud v\u00e1s str\u00e1nka zaujala, vezmete h\u00e1\u010dek do rukou a za\u010dnete s nov\u00fdm kon\u00ed\u010dkem nebo se k h\u00e1\u010dkov\u00e1n\u00ed vr\u00e1t\u00edte \u2013 m\u016fj \u00fakol zde je spln\u011bn\u00fd. Moc si p\u0159eji, aby jste byli nositeli t\u00e9to kr\u00e1sn\u00e9 ru\u010dn\u00ed tradice a p\u0159ed\u00e1vali ji d\u00e1l, u\u010dili sv\u00e9 bl\u00edzk\u00e9, d\u011bti nebo vnou\u010d\u00e1tka. Pro radost z h\u00e1\u010dkov\u00e1n\u00ed v\u00e1m v\u0161em\",\"sameAs\":[\"https:\\\/\\\/www.krampolinka.cz\",\"https:\\\/\\\/www.facebook.com\\\/Krampolinka\\\/?ref=bookmarks\",\"https:\\\/\\\/www.instagram.com\\\/krampolinka_hackovani_crochet\\\/\",\"https:\\\/\\\/cz.pinterest.com\\\/Krampolinka1\\\/_created\\\/\",\"https:\\\/\\\/www.youtube.com\\\/user\\\/katerinao79\"]}]}<\/script>\n<!-- \/ Yoast SEO plugin. -->","yoast_head_json":{"title":"Par\u00e1dn\u00ed h\u00e1\u010dkovan\u00fd svet\u0159\u00edk od podzimu do jara - www.krampolinka.cz","robots":{"index":"index","follow":"follow","max-snippet":"max-snippet:-1","max-image-preview":"max-image-preview:large","max-video-preview":"max-video-preview:-1"},"canonical":"https:\/\/www.krampolinka.cz\/svetr-milano\/","og_locale":"en_US","og_type":"article","og_title":"Svetr Milano &#183; Free Crochet Patterns Krampolinka","og_url":"https:\/\/www.krampolinka.cz\/svetr-milano\/","og_site_name":"Free Crochet Patterns Krampolinka","article_publisher":"https:\/\/www.facebook.com\/Krampolinka\/?ref=bookmarks","article_author":"https:\/\/www.facebook.com\/Krampolinka\/?ref=bookmarks","article_published_time":"2021-02-07T17:12:14+00:00","article_modified_time":"2022-09-23T05:08:33+00:00","og_image":[{"width":1200,"height":621,"url":"https:\/\/www.krampolinka.cz\/wp-content\/uploads\/2021\/02\/Zahlavi-web-6.png","type":"image\/png"}],"author":"Krampolinka","twitter_card":"summary_large_image","twitter_misc":{"Written by":"Krampolinka","Est. reading time":"16 minutes"},"schema":{"@context":"https:\/\/schema.org","@graph":[{"@type":"Article","@id":"https:\/\/www.krampolinka.cz\/svetr-milano\/#article","isPartOf":{"@id":"https:\/\/www.krampolinka.cz\/svetr-milano\/"},"author":{"name":"Krampolinka","@id":"https:\/\/www.krampolinka.cz\/#\/schema\/person\/3bbed8d08476eca23911fc89fee02a52"},"headline":"Svetr Milano","datePublished":"2021-02-07T17:12:14+00:00","dateModified":"2022-09-23T05:08:33+00:00","mainEntityOfPage":{"@id":"https:\/\/www.krampolinka.cz\/svetr-milano\/"},"wordCount":3205,"commentCount":3,"publisher":{"@id":"https:\/\/www.krampolinka.cz\/#\/schema\/person\/3bbed8d08476eca23911fc89fee02a52"},"image":{"@id":"https:\/\/www.krampolinka.cz\/svetr-milano\/#primaryimage"},"thumbnailUrl":"https:\/\/www.krampolinka.cz\/wp-content\/uploads\/2021\/02\/Zahlavi-web-6.png","keywords":["milano","svetr","sweater","v\u00e9\u010dka"],"articleSection":["Videopatterns","Svetry"],"inLanguage":"en-US","potentialAction":[{"@type":"CommentAction","name":"Comment","target":["https:\/\/www.krampolinka.cz\/svetr-milano\/#respond"]}]},{"@type":"WebPage","@id":"https:\/\/www.krampolinka.cz\/svetr-milano\/","url":"https:\/\/www.krampolinka.cz\/svetr-milano\/","name":"Par\u00e1dn\u00ed h\u00e1\u010dkovan\u00fd svet\u0159\u00edk od podzimu do jara - www.krampolinka.cz","isPartOf":{"@id":"https:\/\/www.krampolinka.cz\/#website"},"primaryImageOfPage":{"@id":"https:\/\/www.krampolinka.cz\/svetr-milano\/#primaryimage"},"image":{"@id":"https:\/\/www.krampolinka.cz\/svetr-milano\/#primaryimage"},"thumbnailUrl":"https:\/\/www.krampolinka.cz\/wp-content\/uploads\/2021\/02\/Zahlavi-web-6.png","datePublished":"2021-02-07T17:12:14+00:00","dateModified":"2022-09-23T05:08:33+00:00","description":"H\u00e1\u010dkovan\u00fd svetr co vypad\u00e1 jako pleten\u00fd? Pro\u010d ne! Na svet\u0159\u00edk jsem pou\u017eila p\u0159\u00edzi sm\u011bs vlna, alpaka a akryl. Svet\u0159\u00edk zah\u0159eje od podzimu do jara.","breadcrumb":{"@id":"https:\/\/www.krampolinka.cz\/svetr-milano\/#breadcrumb"},"inLanguage":"en-US","potentialAction":[{"@type":"ReadAction","target":["https:\/\/www.krampolinka.cz\/svetr-milano\/"]}]},{"@type":"ImageObject","inLanguage":"en-US","@id":"https:\/\/www.krampolinka.cz\/svetr-milano\/#primaryimage","url":"https:\/\/www.krampolinka.cz\/wp-content\/uploads\/2021\/02\/Zahlavi-web-6.png","contentUrl":"https:\/\/www.krampolinka.cz\/wp-content\/uploads\/2021\/02\/Zahlavi-web-6.png","width":1200,"height":621},{"@type":"BreadcrumbList","@id":"https:\/\/www.krampolinka.cz\/svetr-milano\/#breadcrumb","itemListElement":[{"@type":"ListItem","position":1,"name":"Home","item":"https:\/\/www.krampolinka.cz\/"},{"@type":"ListItem","position":2,"name":"Svetr Milano"}]},{"@type":"WebSite","@id":"https:\/\/www.krampolinka.cz\/#website","url":"https:\/\/www.krampolinka.cz\/","name":"Krampolinka H\u00e1\u010dkov\u00e1n\u00ed Crochet","description":"Free Crochet Patterns and Video Tutorials Krampolinka","publisher":{"@id":"https:\/\/www.krampolinka.cz\/#\/schema\/person\/3bbed8d08476eca23911fc89fee02a52"},"potentialAction":[{"@type":"SearchAction","target":{"@type":"EntryPoint","urlTemplate":"https:\/\/www.krampolinka.cz\/?s={search_term_string}"},"query-input":{"@type":"PropertyValueSpecification","valueRequired":true,"valueName":"search_term_string"}}],"inLanguage":"en-US"},{"@type":["Person","Organization"],"@id":"https:\/\/www.krampolinka.cz\/#\/schema\/person\/3bbed8d08476eca23911fc89fee02a52","name":"Krampolinka","logo":{"@id":"https:\/\/www.krampolinka.cz\/#\/schema\/person\/image\/"},"description":"V\u00edtejte u mne doma \u2013 na str\u00e1nce www.krampolinka.cz D\u011bkuji za milou n\u00e1v\u0161t\u011bvu. Ru\u010dn\u011b vyroben\u00e1 v\u011bc m\u00e1 du\u0161i a srdce, m\u00e1 p\u0159\u00edb\u011bh, m\u00e1 d\u016fvod, m\u00e1 historii. Je propojen\u00e1 s t\u00edm, kdo ji vyr\u00e1b\u00ed, s t\u00edm, kdo si ji p\u0159\u00e1l, nebo s t\u00edm, kdo ji dostane. Jmenuji se Katka, m\u00e1m \u00fa\u017easnou dceru a h\u00e1\u010dkov\u00e1n\u00ed je m\u016fj snov\u00fd sv\u011bt, kam si odb\u00edh\u00e1m odpo\u010dinout od denn\u00ed reality a sou\u010dasn\u011b na\u010derpat dal\u0161\u00ed energii. R\u00e1da bych v\u00e1m touto cestou nab\u00eddla sv\u00e9 kreativn\u00ed j\u00e1, kter\u00e9 prom\u00edt\u00e1m do n\u00e1vod\u016f a videon\u00e1vod\u016f. Moje filozofie je poskytnout sv\u00e9 zku\u0161enosti a n\u00e1pady ZDARMA v\u0161em, kte\u0159\u00ed v h\u00e1\u010dkov\u00e1n\u00ed nalezli nov\u00e9ho \u201epar\u0165\u00e1ka\u201c a maj\u00ed chu\u0165 do tvo\u0159en\u00ed. H\u00e1\u010dkov\u00e1n\u00ed vn\u00edm\u00e1m jako tradi\u010dn\u00ed rukod\u011blnou \u010dinnost, kter\u00e1 b\u00fdvala b\u011b\u017enou v\u00fdbavou ka\u017ed\u00e9 \u017eeny. Tradici je pot\u0159eba p\u0159ed\u00e1vat d\u00e1l, a to jde pouze tehdy, kdy\u017e jsme schopni se o sv\u00e9 zku\u0161enosti nezi\u0161tn\u011b pod\u011blit. Krom\u011b n\u00e1vod\u016f se zde na webovce dozv\u00edte i spoustu informac\u00ed o novink\u00e1ch v oblasti p\u0159\u00edz\u00ed, report\u00e1\u017ee, informace o vych\u00e1zej\u00edc\u00edch \u010dasopisech, knih\u00e1ch nebo trendech v h\u00e1\u010dkov\u00e1n\u00ed. Sou\u010d\u00e1st\u00ed str\u00e1nky je i mal\u00e1 \u0161koli\u010dka h\u00e1\u010dkov\u00e1n\u00ed s videi, tak\u017ee se zde neztrat\u00ed ani za\u010d\u00e1te\u010dn\u00edk. Budu m\u00edt radost, pokud budete tvo\u0159it dle m\u00fdch n\u00e1vod\u016f. Popros\u00edm jen o jedin\u00e9 \u2013 nezneu\u017e\u00edvejte jich ke komer\u010dn\u00edm \u00fa\u010del\u016fm. Bylo by to nef\u00e9r. V n\u00e1vodech nech\u00e1v\u00e1m kus sebe, sv\u016fj \u010das, sv\u00e9 ide\u00e1ly, n\u00e1pady, p\u0159edstavy i n\u00e1lady, m\u016fj jedine\u010dn\u00fd podpis. Pokud v\u00e1s str\u00e1nka zaujala, vezmete h\u00e1\u010dek do rukou a za\u010dnete s nov\u00fdm kon\u00ed\u010dkem nebo se k h\u00e1\u010dkov\u00e1n\u00ed vr\u00e1t\u00edte \u2013 m\u016fj \u00fakol zde je spln\u011bn\u00fd. Moc si p\u0159eji, aby jste byli nositeli t\u00e9to kr\u00e1sn\u00e9 ru\u010dn\u00ed tradice a p\u0159ed\u00e1vali ji d\u00e1l, u\u010dili sv\u00e9 bl\u00edzk\u00e9, d\u011bti nebo vnou\u010d\u00e1tka. Pro radost z h\u00e1\u010dkov\u00e1n\u00ed v\u00e1m v\u0161em","sameAs":["https:\/\/www.krampolinka.cz","https:\/\/www.facebook.com\/Krampolinka\/?ref=bookmarks","https:\/\/www.instagram.com\/krampolinka_hackovani_crochet\/","https:\/\/cz.pinterest.com\/Krampolinka1\/_created\/","https:\/\/www.youtube.com\/user\/katerinao79"]}]}},"_links":{"self":[{"href":"https:\/\/www.krampolinka.cz\/en\/wp-json\/wp\/v2\/posts\/11653","targetHints":{"allow":["GET"]}}],"collection":[{"href":"https:\/\/www.krampolinka.cz\/en\/wp-json\/wp\/v2\/posts"}],"about":[{"href":"https:\/\/www.krampolinka.cz\/en\/wp-json\/wp\/v2\/types\/post"}],"author":[{"embeddable":true,"href":"https:\/\/www.krampolinka.cz\/en\/wp-json\/wp\/v2\/users\/1"}],"replies":[{"embeddable":true,"href":"https:\/\/www.krampolinka.cz\/en\/wp-json\/wp\/v2\/comments?post=11653"}],"version-history":[{"count":0,"href":"https:\/\/www.krampolinka.cz\/en\/wp-json\/wp\/v2\/posts\/11653\/revisions"}],"wp:featuredmedia":[{"embeddable":true,"href":"https:\/\/www.krampolinka.cz\/en\/wp-json\/wp\/v2\/media\/11835"}],"wp:attachment":[{"href":"https:\/\/www.krampolinka.cz\/en\/wp-json\/wp\/v2\/media?parent=11653"}],"wp:term":[{"taxonomy":"category","embeddable":true,"href":"https:\/\/www.krampolinka.cz\/en\/wp-json\/wp\/v2\/categories?post=11653"},{"taxonomy":"post_tag","embeddable":true,"href":"https:\/\/www.krampolinka.cz\/en\/wp-json\/wp\/v2\/tags?post=11653"}],"curies":[{"name":"wp","href":"https:\/\/api.w.org\/{rel}","templated":true}]}}