{"id":16200,"date":"2022-05-21T13:38:01","date_gmt":"2022-05-21T12:38:01","guid":{"rendered":"http:\/\/www.krampolinka.cz\/?p=16200"},"modified":"2022-09-23T06:38:38","modified_gmt":"2022-09-23T05:38:38","slug":"jaky-byl-kreativ-jaro","status":"publish","type":"post","link":"https:\/\/www.krampolinka.cz\/en\/jaky-byl-kreativ-jaro\/","title":{"rendered":"Jak\u00fd byl KREATIV JARO?"},"content":{"rendered":"<p><strong>Kreativ Jaro 2022<\/strong> je za n\u00e1mi a j\u00e1 p\u0159in\u00e1\u0161\u00edm kr\u00e1tk\u00fd \u010dl\u00e1nek, shrnut\u00ed a pod\u011bkov\u00e1n\u00ed.<\/p>\n<p><!--more--><\/p>\n<p>Na leto\u0161n\u00edm ro\u010dn\u00edku jsem se z\u00fa\u010dastnila jako lektor sobotn\u00edho workshopu h\u00e1\u010dkov\u00e1n\u00ed a vystavovatel sv\u00fdch v\u00fdrobk\u016f. Nejd\u0159\u00edve jsem p\u0159em\u00fd\u0161lela, co si spole\u010dn\u011b v r\u00e1mci 45 minutov\u00e9 lekce uh\u00e1\u010dkujeme. Padla volba na kv\u011btiny, jeliko\u017e cel\u00fd KREATIV se nesl v kv\u011btinov\u00e9m duchu. V r\u00e1mci minikurzu jsme si uh\u00e1\u010dkovali <a href=\"https:\/\/wp.me\/p7Zfh3-4b9\"><strong>3D kv\u011btinu<\/strong> <\/a>a v pl\u00e1nu byla i <a href=\"https:\/\/wp.me\/p7Zfh3-1B0\"><strong>kyti\u010dka 1-2-3<\/strong><\/a>, na kterou ve sv\u00e9 podstat\u011b vlastn\u011b ani nedo\u0161lo. Co se t\u00fd\u010de vystavovan\u00fdch model\u016f, vyvezla jsem snad dv\u011b t\u0159etiny sv\u00e9 &#8220;sb\u00edrky&#8221;, m\u016f\u017eete mrknout na shorts <a href=\"https:\/\/www.youtube.com\/shorts\/Xc_0cTz96J4\"><strong>zde<\/strong><\/a>.<\/p>\n<p>V\u00fdstava za\u010d\u00ednala v deset dopoledne, jak to vypadalo na m\u00edst\u011b m\u016f\u017eete mrknout <a href=\"https:\/\/www.youtube.com\/shorts\/nzl2nlYNnfc\"><strong>zde<\/strong><\/a>, a prvn\u00ed workshop se rozjel v jeden\u00e1ct. Pov\u00eddalo se, tvo\u0159ilo, h\u00e1\u010dkovalo a zkou\u0161ely se vystavovan\u00e9 modely, kter\u00e9 si m\u016f\u017eete uh\u00e1\u010dkovat dle m\u00fdch n\u00e1vod\u016f. Spoustu z V\u00e1s stihlo uh\u00e1\u010dkovat <a href=\"https:\/\/wp.me\/p7Zfh3-4b9\"><strong>3D kv\u011btinu<\/strong><\/a>. N\u011bkte\u0159\u00ed levou zadn\u00ed, n\u011bkte\u0159\u00ed s h\u00e1\u010dkem teprve za\u010d\u00ednali. M\u011bla jsem p\u0159\u00edle\u017eitost i improvizovat a zkusit h\u00e1\u010dkov\u00e1n\u00ed s d\u011btmi. To mne minim\u00e1ln\u011b inspirovalo k tomu, abych pro V\u00e1s s m\u00fdm \u0161estilet\u00fdm d\u00edtkem nato\u010dila prvn\u00ed kr\u016f\u010dky k h\u00e1\u010dkov\u00e1n\u00ed. Na minise\u00e9rii vide\u00ed h\u00e1\u010dkov\u00e1n\u00ed pro d\u011bti se m\u016f\u017eete brzy t\u011b\u0161it.<\/p>\n\n\t\t<style type=\"text\/css\">\n\t\t\t#gallery-1 {\n\t\t\t\tmargin: auto;\n\t\t\t}\n\t\t\t#gallery-1 .gallery-item {\n\t\t\t\tfloat: left;\n\t\t\t\tmargin-top: 10px;\n\t\t\t\ttext-align: center;\n\t\t\t\twidth: 25%;\n\t\t\t}\n\t\t\t#gallery-1 img {\n\t\t\t\tborder: 2px solid #cfcfcf;\n\t\t\t}\n\t\t\t#gallery-1 .gallery-caption {\n\t\t\t\tmargin-left: 0;\n\t\t\t}\n\t\t\t\/* see gallery_shortcode() in wp-includes\/media.php *\/\n\t\t<\/style>\n\t\t<div id='gallery-1' class='gallery galleryid-16200 gallery-columns-4 gallery-size-thumbnail'><dl class='gallery-item'>\n\t\t\t<dt class='gallery-icon landscape'>\n\t\t\t\t<a href='https:\/\/www.krampolinka.cz\/wp-content\/uploads\/2022\/05\/Kreativ-Jaro-2022-7.jpg'><img loading=\"lazy\" decoding=\"async\" width=\"250\" height=\"250\" src=\"https:\/\/www.krampolinka.cz\/wp-content\/uploads\/2022\/05\/Kreativ-Jaro-2022-7-250x250.jpg\" class=\"attachment-thumbnail size-thumbnail\" alt=\"\" aria-describedby=\"gallery-1-16204\" \/><\/a>\n\t\t\t<\/dt>\n\t\t\t\t<dd class='wp-caption-text gallery-caption' id='gallery-1-16204'>\n\t\t\t\tKrampolinka na KREATIVu Jaro 2022\n\t\t\t\t<\/dd><\/dl><dl class='gallery-item'>\n\t\t\t<dt class='gallery-icon landscape'>\n\t\t\t\t<a href='https:\/\/www.krampolinka.cz\/wp-content\/uploads\/2022\/05\/Kreativ-Jaro-2022-18.jpg'><img loading=\"lazy\" decoding=\"async\" width=\"250\" height=\"250\" src=\"https:\/\/www.krampolinka.cz\/wp-content\/uploads\/2022\/05\/Kreativ-Jaro-2022-18-250x250.jpg\" class=\"attachment-thumbnail size-thumbnail\" alt=\"\" aria-describedby=\"gallery-1-16207\" \/><\/a>\n\t\t\t<\/dt>\n\t\t\t\t<dd class='wp-caption-text gallery-caption' id='gallery-1-16207'>\n\t\t\t\tP\u0159\u00edprava p\u0159ed kurzem h\u00e1\u010dkov\u00e1n\u00ed\n\t\t\t\t<\/dd><\/dl><dl class='gallery-item'>\n\t\t\t<dt class='gallery-icon landscape'>\n\t\t\t\t<a href='https:\/\/www.krampolinka.cz\/wp-content\/uploads\/2022\/05\/Kreativ-Jaro-2022-16.jpg'><img loading=\"lazy\" decoding=\"async\" width=\"250\" height=\"250\" src=\"https:\/\/www.krampolinka.cz\/wp-content\/uploads\/2022\/05\/Kreativ-Jaro-2022-16-250x250.jpg\" class=\"attachment-thumbnail size-thumbnail\" alt=\"\" aria-describedby=\"gallery-1-16206\" \/><\/a>\n\t\t\t<\/dt>\n\t\t\t\t<dd class='wp-caption-text gallery-caption' id='gallery-1-16206'>\n\t\t\t\tH\u00e1\u010dkovaly i \u00fapln\u011b nejmen\u0161\u00ed hol\u010di\u010dky\n\t\t\t\t<\/dd><\/dl><dl class='gallery-item'>\n\t\t\t<dt class='gallery-icon landscape'>\n\t\t\t\t<a href='https:\/\/www.krampolinka.cz\/wp-content\/uploads\/2022\/05\/Kreativ-Jaro-2022-15.jpg'><img loading=\"lazy\" decoding=\"async\" width=\"250\" height=\"250\" src=\"https:\/\/www.krampolinka.cz\/wp-content\/uploads\/2022\/05\/Kreativ-Jaro-2022-15-250x250.jpg\" class=\"attachment-thumbnail size-thumbnail\" alt=\"\" aria-describedby=\"gallery-1-16205\" \/><\/a>\n\t\t\t<\/dt>\n\t\t\t\t<dd class='wp-caption-text gallery-caption' id='gallery-1-16205'>\n\t\t\t\tH\u00e1\u010dkovaly i sle\u010dny\n\t\t\t\t<\/dd><\/dl><br style=\"clear: both\" \/>\n\t\t<\/div>\n\n<p>V r\u00e1mci KREATIVU jsem dod\u011bl\u00e1vala i t\u0159\u00e1sn\u011b u \u0161ati\u010dek Flitrovek &#8211; na fotografii v galerii pod \u010dl\u00e1nkem jsem p\u0159isti\u017eena p\u0159i \u010dinu.<\/p>\n<p>D\u011bkuji v\u0161em, kte\u0159\u00ed se zastavili u m\u00e9ho stojanu a vyzkou\u0161eli nebo jen okoukli h\u00e1\u010dkovan\u00e9 modely, prohl\u00e9dli jste si <a href=\"https:\/\/www.grada.cz\/hackujeme-pro-miminka-10451\/\"><strong>kn\u00ed\u017eku H\u00e1\u010dkujeme pro miminka<\/strong> <\/a>\u010di kalend\u00e1\u0159 <a href=\"https:\/\/www.pletemesi.cz\/produkty\/krampolinka-kalendar-2022\/179.html\"><strong>Krampolinka 2022<\/strong> <\/a>a pokra\u010dovali jste v korzov\u00e1n\u00ed a n\u00e1kupech. Spole\u010dn\u011b jsem se vyfotili, podepsala jsem p\u00e1r sv\u00fdch knih a popov\u00eddali jsme si o h\u00e1\u010dkov\u00e1n\u00ed.<\/p>\n\n\t\t<style type=\"text\/css\">\n\t\t\t#gallery-2 {\n\t\t\t\tmargin: auto;\n\t\t\t}\n\t\t\t#gallery-2 .gallery-item {\n\t\t\t\tfloat: left;\n\t\t\t\tmargin-top: 10px;\n\t\t\t\ttext-align: center;\n\t\t\t\twidth: 16%;\n\t\t\t}\n\t\t\t#gallery-2 img {\n\t\t\t\tborder: 2px solid #cfcfcf;\n\t\t\t}\n\t\t\t#gallery-2 .gallery-caption {\n\t\t\t\tmargin-left: 0;\n\t\t\t}\n\t\t\t\/* see gallery_shortcode() in wp-includes\/media.php *\/\n\t\t<\/style>\n\t\t<div id='gallery-2' class='gallery galleryid-16200 gallery-columns-6 gallery-size-thumbnail'><dl class='gallery-item'>\n\t\t\t<dt class='gallery-icon portrait'>\n\t\t\t\t<a href='https:\/\/www.krampolinka.cz\/wp-content\/uploads\/2022\/05\/Kreativ-Jaro-2022-12.jpg'><img loading=\"lazy\" decoding=\"async\" width=\"250\" height=\"250\" src=\"https:\/\/www.krampolinka.cz\/wp-content\/uploads\/2022\/05\/Kreativ-Jaro-2022-12-250x250.jpg\" class=\"attachment-thumbnail size-thumbnail\" alt=\"\" aria-describedby=\"gallery-2-16211\" \/><\/a>\n\t\t\t<\/dt>\n\t\t\t\t<dd class='wp-caption-text gallery-caption' id='gallery-2-16211'>\n\t\t\t\tWorkshop h\u00e1\u010dkov\u00e1n\u00ed\n\t\t\t\t<\/dd><\/dl><dl class='gallery-item'>\n\t\t\t<dt class='gallery-icon portrait'>\n\t\t\t\t<a href='https:\/\/www.krampolinka.cz\/wp-content\/uploads\/2022\/05\/Kreativ-Jaro-2022-11.jpg'><img loading=\"lazy\" decoding=\"async\" width=\"250\" height=\"250\" src=\"https:\/\/www.krampolinka.cz\/wp-content\/uploads\/2022\/05\/Kreativ-Jaro-2022-11-250x250.jpg\" class=\"attachment-thumbnail size-thumbnail\" alt=\"\" aria-describedby=\"gallery-2-16210\" \/><\/a>\n\t\t\t<\/dt>\n\t\t\t\t<dd class='wp-caption-text gallery-caption' id='gallery-2-16210'>\n\t\t\t\tWorkshop h\u00e1\u010dkov\u00e1n\u00ed\n\t\t\t\t<\/dd><\/dl><dl class='gallery-item'>\n\t\t\t<dt class='gallery-icon portrait'>\n\t\t\t\t<a href='https:\/\/www.krampolinka.cz\/wp-content\/uploads\/2022\/05\/Kreativ-Jaro-2022-14.jpg'><img loading=\"lazy\" decoding=\"async\" width=\"250\" height=\"250\" src=\"https:\/\/www.krampolinka.cz\/wp-content\/uploads\/2022\/05\/Kreativ-Jaro-2022-14-250x250.jpg\" class=\"attachment-thumbnail size-thumbnail\" alt=\"\" aria-describedby=\"gallery-2-16213\" \/><\/a>\n\t\t\t<\/dt>\n\t\t\t\t<dd class='wp-caption-text gallery-caption' id='gallery-2-16213'>\n\t\t\t\tWorkshop h\u00e1\u010dkov\u00e1n\u00ed\n\t\t\t\t<\/dd><\/dl><dl class='gallery-item'>\n\t\t\t<dt class='gallery-icon landscape'>\n\t\t\t\t<a href='https:\/\/www.krampolinka.cz\/wp-content\/uploads\/2022\/05\/Kreativ-Jaro-2022-9.jpg'><img loading=\"lazy\" decoding=\"async\" width=\"250\" height=\"250\" src=\"https:\/\/www.krampolinka.cz\/wp-content\/uploads\/2022\/05\/Kreativ-Jaro-2022-9-250x250.jpg\" class=\"attachment-thumbnail size-thumbnail\" alt=\"\" aria-describedby=\"gallery-2-16209\" \/><\/a>\n\t\t\t<\/dt>\n\t\t\t\t<dd class='wp-caption-text gallery-caption' id='gallery-2-16209'>\n\t\t\t\tWorkshop h\u00e1\u010dkov\u00e1n\u00ed\n\t\t\t\t<\/dd><\/dl><dl class='gallery-item'>\n\t\t\t<dt class='gallery-icon portrait'>\n\t\t\t\t<a href='https:\/\/www.krampolinka.cz\/wp-content\/uploads\/2022\/05\/Kreativ-Jaro-2022-13.jpg'><img loading=\"lazy\" decoding=\"async\" width=\"250\" height=\"250\" src=\"https:\/\/www.krampolinka.cz\/wp-content\/uploads\/2022\/05\/Kreativ-Jaro-2022-13-250x250.jpg\" class=\"attachment-thumbnail size-thumbnail\" alt=\"\" aria-describedby=\"gallery-2-16212\" \/><\/a>\n\t\t\t<\/dt>\n\t\t\t\t<dd class='wp-caption-text gallery-caption' id='gallery-2-16212'>\n\t\t\t\tWorkshop h\u00e1\u010dkov\u00e1n\u00ed\n\t\t\t\t<\/dd><\/dl><dl class='gallery-item'>\n\t\t\t<dt class='gallery-icon landscape'>\n\t\t\t\t<a href='https:\/\/www.krampolinka.cz\/wp-content\/uploads\/2022\/05\/Kreativ-Jaro-2022-8.jpg'><img loading=\"lazy\" decoding=\"async\" width=\"250\" height=\"250\" src=\"https:\/\/www.krampolinka.cz\/wp-content\/uploads\/2022\/05\/Kreativ-Jaro-2022-8-250x250.jpg\" class=\"attachment-thumbnail size-thumbnail\" alt=\"\" aria-describedby=\"gallery-2-16208\" \/><\/a>\n\t\t\t<\/dt>\n\t\t\t\t<dd class='wp-caption-text gallery-caption' id='gallery-2-16208'>\n\t\t\t\tDod\u011bl\u00e1vala jsem \u0161aty Flitrovky\n\t\t\t\t<\/dd><\/dl><br style=\"clear: both\" \/>\n\t\t<\/div>\n\n<p>\u010cas b\u011b\u017eel jako voda a ne\u017e jsem se ohl\u00e9dla, bylo pozdn\u00ed odpoledne a j\u00e1 taktak ob\u011bhla p\u00e1r st\u00e1nk\u016f a pozdravila kolegy\u0148ky s p\u0159\u00edzemi. T\u0159eba <a href=\"https:\/\/www.facebook.com\/vlnajadoli\"><strong>JaDoLi<\/strong><\/a> a Vieru\u0161\u010dino naprosto geni\u00e1ln\u00ed p\u0159ad\u00e9nko<a href=\"https:\/\/jadoli.cz\/index.php?id_product=184&amp;id_product_attribute=0&amp;rewrite=luxusne-pradienko-svetle&amp;controller=product&amp;id_lang=1\"> <strong>hedv\u00e1b\u00ed a <\/strong><\/a><b><a href=\"https:\/\/jadoli.cz\/index.php?id_product=184&amp;id_product_attribute=0&amp;rewrite=luxusne-pradienko-svetle&amp;controller=product&amp;id_lang=1\">velbloud<\/a> <\/b>nebo <a href=\"https:\/\/jadoli.cz\/index.php?id_product=185&amp;id_product_attribute=0&amp;rewrite=luxusni-pradenko-tmave&amp;controller=product&amp;id_lang=1\"><strong>hedv\u00e1b\u00ed a jak, <\/strong><\/a>po\u0159\u00edd\u00edte na <a href=\"https:\/\/jadoli.cz\/index.php?id_category=2&amp;controller=category&amp;id_lang=1\"><strong>JaDoLi.cz<\/strong><\/a>. Nic \u00fa\u017easn\u011bj\u0161\u00edho jsem tedy je\u0161t\u011b v rukou nem\u011bla. Nechyb\u011bl st\u00e1nek s obl\u00edben\u00fdmi ru\u010dn\u011b barven\u00fdmi p\u0159ad\u00e9nky <a href=\"https:\/\/www.facebook.com\/JaBaklubka\"><strong>JaBa Klubka<\/strong><\/a> a asi nejd\u00e9le jsem se &#8220;zasekla&#8221; u st\u00e1nku <a href=\"https:\/\/www.hunor.cz\/wp\/\"><strong>Hunor<\/strong><\/a>. S pan\u00ed Luci\u00ed jsme se domluvily na spolupr\u00e1ci, tak\u017ee se m\u016f\u017eete t\u011b\u0161it na dv\u011b par\u00e1dn\u00ed rozbalova\u010dky &#8211; letn\u00ed a podzimn\u00ed. U\u017e se moc t\u011b\u0161\u00edm, proto\u017ee <a href=\"https:\/\/www.facebook.com\/hunor.cz\"><strong>Hunor.cz<\/strong><\/a> se v\u011bnuje prodeji p\u0159\u00edrodn\u00edch p\u0159\u00edz\u00ed a klub\u00ed\u010dek, tak\u017ee hedv\u00e1b\u00ed a ka\u0161m\u00edr je v tomto obch\u016fdku nejen s duhovkami naprosto b\u011b\u017en\u00e1 v\u011bc. Doporu\u010duji se mrknout a alespo\u0148 jednou za rok si dop\u0159\u00e1t <a href=\"https:\/\/www.hunor.cz\/wp\/kategorie-produktu\/klubicka\/smesikasmirk\/\"><strong>luxusn\u00ed klub\u00ed\u010dka<\/strong><\/a>. Dal\u0161\u00ed spolupr\u00e1ci, kterou pro V\u00e1s chyst\u00e1m je s <a href=\"https:\/\/www.natale.cz\/\"><strong>Natale.cz<\/strong><\/a>, tak uvid\u00edme, jak to v\u0161echno p\u016fjde.<\/p>\n\n\t\t<style type=\"text\/css\">\n\t\t\t#gallery-3 {\n\t\t\t\tmargin: auto;\n\t\t\t}\n\t\t\t#gallery-3 .gallery-item {\n\t\t\t\tfloat: left;\n\t\t\t\tmargin-top: 10px;\n\t\t\t\ttext-align: center;\n\t\t\t\twidth: 20%;\n\t\t\t}\n\t\t\t#gallery-3 img {\n\t\t\t\tborder: 2px solid #cfcfcf;\n\t\t\t}\n\t\t\t#gallery-3 .gallery-caption {\n\t\t\t\tmargin-left: 0;\n\t\t\t}\n\t\t\t\/* see gallery_shortcode() in wp-includes\/media.php *\/\n\t\t<\/style>\n\t\t<div id='gallery-3' class='gallery galleryid-16200 gallery-columns-5 gallery-size-thumbnail'><dl class='gallery-item'>\n\t\t\t<dt class='gallery-icon landscape'>\n\t\t\t\t<a href='https:\/\/www.krampolinka.cz\/wp-content\/uploads\/2022\/05\/Kreativ-Jaro-2022-10.jpg'><img loading=\"lazy\" decoding=\"async\" width=\"250\" height=\"250\" src=\"https:\/\/www.krampolinka.cz\/wp-content\/uploads\/2022\/05\/Kreativ-Jaro-2022-10-250x250.jpg\" class=\"attachment-thumbnail size-thumbnail\" alt=\"\" aria-describedby=\"gallery-3-16214\" \/><\/a>\n\t\t\t<\/dt>\n\t\t\t\t<dd class='wp-caption-text gallery-caption' id='gallery-3-16214'>\n\t\t\t\tJadoli, Krampolinka, Hunor, Jaba Klubka\n\t\t\t\t<\/dd><\/dl><dl class='gallery-item'>\n\t\t\t<dt class='gallery-icon landscape'>\n\t\t\t\t<a href='https:\/\/www.krampolinka.cz\/wp-content\/uploads\/2022\/05\/Kreativ-Jaro-2022-22.jpg'><img loading=\"lazy\" decoding=\"async\" width=\"250\" height=\"250\" src=\"https:\/\/www.krampolinka.cz\/wp-content\/uploads\/2022\/05\/Kreativ-Jaro-2022-22-250x250.jpg\" class=\"attachment-thumbnail size-thumbnail\" alt=\"\" aria-describedby=\"gallery-3-16215\" \/><\/a>\n\t\t\t<\/dt>\n\t\t\t\t<dd class='wp-caption-text gallery-caption' id='gallery-3-16215'>\n\t\t\t\tJadoli p\u0159i pr\u00e1ci\n\t\t\t\t<\/dd><\/dl><dl class='gallery-item'>\n\t\t\t<dt class='gallery-icon portrait'>\n\t\t\t\t<a href='https:\/\/www.krampolinka.cz\/wp-content\/uploads\/2022\/05\/Kreativ-Jaro-2022-23.jpg'><img loading=\"lazy\" decoding=\"async\" width=\"250\" height=\"250\" src=\"https:\/\/www.krampolinka.cz\/wp-content\/uploads\/2022\/05\/Kreativ-Jaro-2022-23-250x250.jpg\" class=\"attachment-thumbnail size-thumbnail\" alt=\"\" aria-describedby=\"gallery-3-16216\" srcset=\"https:\/\/www.krampolinka.cz\/wp-content\/uploads\/2022\/05\/Kreativ-Jaro-2022-23-250x250.jpg 250w, https:\/\/www.krampolinka.cz\/wp-content\/uploads\/2022\/05\/Kreativ-Jaro-2022-23-358x360.jpg 358w, https:\/\/www.krampolinka.cz\/wp-content\/uploads\/2022\/05\/Kreativ-Jaro-2022-23-768x772.jpg 768w, https:\/\/www.krampolinka.cz\/wp-content\/uploads\/2022\/05\/Kreativ-Jaro-2022-23-1019x1024.jpg 1019w, https:\/\/www.krampolinka.cz\/wp-content\/uploads\/2022\/05\/Kreativ-Jaro-2022-23-1080x1085.jpg 1080w, https:\/\/www.krampolinka.cz\/wp-content\/uploads\/2022\/05\/Kreativ-Jaro-2022-23.jpg 1192w\" sizes=\"auto, (max-width: 250px) 100vw, 250px\" \/><\/a>\n\t\t\t<\/dt>\n\t\t\t\t<dd class='wp-caption-text gallery-caption' id='gallery-3-16216'>\n\t\t\t\tJedna rychl\u00e1 fote\u010dka u Jadoli\n\t\t\t\t<\/dd><\/dl><dl class='gallery-item'>\n\t\t\t<dt class='gallery-icon landscape'>\n\t\t\t\t<a href='https:\/\/www.krampolinka.cz\/wp-content\/uploads\/2022\/05\/Kreativ-Jaro-2022-25.jpg'><img loading=\"lazy\" decoding=\"async\" width=\"250\" height=\"250\" src=\"https:\/\/www.krampolinka.cz\/wp-content\/uploads\/2022\/05\/Kreativ-Jaro-2022-25-250x250.jpg\" class=\"attachment-thumbnail size-thumbnail\" alt=\"\" aria-describedby=\"gallery-3-16217\" \/><\/a>\n\t\t\t<\/dt>\n\t\t\t\t<dd class='wp-caption-text gallery-caption' id='gallery-3-16217'>\n\t\t\t\tObr\u00e1zky na st\u011bnu od JaBa klubka aneb klubka posledn\u00ed z\u00e1chrany\n\t\t\t\t<\/dd><\/dl><dl class='gallery-item'>\n\t\t\t<dt class='gallery-icon landscape'>\n\t\t\t\t<a href='https:\/\/www.krampolinka.cz\/wp-content\/uploads\/2022\/05\/Kreativ-Jaro-2022-26.jpg'><img loading=\"lazy\" decoding=\"async\" width=\"250\" height=\"250\" src=\"https:\/\/www.krampolinka.cz\/wp-content\/uploads\/2022\/05\/Kreativ-Jaro-2022-26-250x250.jpg\" class=\"attachment-thumbnail size-thumbnail\" alt=\"\" aria-describedby=\"gallery-3-16218\" \/><\/a>\n\t\t\t<\/dt>\n\t\t\t\t<dd class='wp-caption-text gallery-caption' id='gallery-3-16218'>\n\t\t\t\tRu\u010dn\u011b barvn\u00e9 kr\u00e1sky JaBa\n\t\t\t\t<\/dd><\/dl><br style=\"clear: both\" \/>\n\t\t<\/div>\n\n<p>Cel\u00e1 akce by se v\u0161ak nepoda\u0159ila uskute\u010dnit neb\u00fdt hlavn\u00ed organiz\u00e1torky pan\u00ed <strong>Jany Cyrusov\u00e9<\/strong>, kter\u00e9 t\u00edmto pos\u00edl\u00e1m velik\u00e9 d\u00edky za mo\u017enost z\u00fa\u010dastnit se Kreativu ji\u017e po druh\u00e9. A v\u00edte co? U\u017e v\u00edm term\u00edn podzimn\u00edho turnusu. V\u0161ichni p\u00ed\u0161eme do kalend\u00e1\u0159e, \u017ee <strong>dal\u0161\u00ed KREATIV PODZIM 2022 se bude konat v term\u00ednu <a href=\"https:\/\/kreativostrava.cz\">11. &#8211; 12. listopadu 2022<\/a>.<\/strong> U\u017e se moc t\u011b\u0161\u00edm a kdy\u017e to p\u016fjde dob\u0159e, tak se spole\u010dn\u011b se zimn\u00ed sb\u00edrkou h\u00e1\u010dkovan\u00fdch model\u016f uvid\u00edme p\u0159i dal\u0161\u00edm tvo\u0159iv\u00e9m workshopu.<\/p>\n\n\t\t<style type=\"text\/css\">\n\t\t\t#gallery-4 {\n\t\t\t\tmargin: auto;\n\t\t\t}\n\t\t\t#gallery-4 .gallery-item {\n\t\t\t\tfloat: left;\n\t\t\t\tmargin-top: 10px;\n\t\t\t\ttext-align: center;\n\t\t\t\twidth: 14%;\n\t\t\t}\n\t\t\t#gallery-4 img {\n\t\t\t\tborder: 2px solid #cfcfcf;\n\t\t\t}\n\t\t\t#gallery-4 .gallery-caption {\n\t\t\t\tmargin-left: 0;\n\t\t\t}\n\t\t\t\/* see gallery_shortcode() in wp-includes\/media.php *\/\n\t\t<\/style>\n\t\t<div id='gallery-4' class='gallery galleryid-16200 gallery-columns-7 gallery-size-thumbnail'><dl class='gallery-item'>\n\t\t\t<dt class='gallery-icon landscape'>\n\t\t\t\t<a href='https:\/\/www.krampolinka.cz\/wp-content\/uploads\/2022\/05\/Kreativ-Jaro-2022-28.jpg'><img loading=\"lazy\" decoding=\"async\" width=\"250\" height=\"250\" src=\"https:\/\/www.krampolinka.cz\/wp-content\/uploads\/2022\/05\/Kreativ-Jaro-2022-28-250x250.jpg\" class=\"attachment-thumbnail size-thumbnail\" alt=\"\" aria-describedby=\"gallery-4-16225\" \/><\/a>\n\t\t\t<\/dt>\n\t\t\t\t<dd class='wp-caption-text gallery-caption' id='gallery-4-16225'>\n\t\t\t\tP\u0159\u00edrodn\u00ed kr\u00e1sky u Hunoru\n\t\t\t\t<\/dd><\/dl><dl class='gallery-item'>\n\t\t\t<dt class='gallery-icon landscape'>\n\t\t\t\t<a href='https:\/\/www.krampolinka.cz\/wp-content\/uploads\/2022\/05\/Kreativ-Jaro-2022-1.jpg'><img loading=\"lazy\" decoding=\"async\" width=\"250\" height=\"250\" src=\"https:\/\/www.krampolinka.cz\/wp-content\/uploads\/2022\/05\/Kreativ-Jaro-2022-1-250x250.jpg\" class=\"attachment-thumbnail size-thumbnail\" alt=\"\" aria-describedby=\"gallery-4-16219\" \/><\/a>\n\t\t\t<\/dt>\n\t\t\t\t<dd class='wp-caption-text gallery-caption' id='gallery-4-16219'>\n\t\t\t\tP\u0159\u00edrodn\u00ed kr\u00e1sky u Hunoru\n\t\t\t\t<\/dd><\/dl><dl class='gallery-item'>\n\t\t\t<dt class='gallery-icon landscape'>\n\t\t\t\t<a href='https:\/\/www.krampolinka.cz\/wp-content\/uploads\/2022\/05\/Kreativ-Jaro-2022-2.jpg'><img loading=\"lazy\" decoding=\"async\" width=\"250\" height=\"250\" src=\"https:\/\/www.krampolinka.cz\/wp-content\/uploads\/2022\/05\/Kreativ-Jaro-2022-2-250x250.jpg\" class=\"attachment-thumbnail size-thumbnail\" alt=\"\" aria-describedby=\"gallery-4-16220\" \/><\/a>\n\t\t\t<\/dt>\n\t\t\t\t<dd class='wp-caption-text gallery-caption' id='gallery-4-16220'>\n\t\t\t\tP\u0159\u00edrodn\u00ed kr\u00e1sky u Hunoru\n\t\t\t\t<\/dd><\/dl><dl class='gallery-item'>\n\t\t\t<dt class='gallery-icon landscape'>\n\t\t\t\t<a href='https:\/\/www.krampolinka.cz\/wp-content\/uploads\/2022\/05\/Kreativ-Jaro-2022-3.jpg'><img loading=\"lazy\" decoding=\"async\" width=\"250\" height=\"250\" src=\"https:\/\/www.krampolinka.cz\/wp-content\/uploads\/2022\/05\/Kreativ-Jaro-2022-3-250x250.jpg\" class=\"attachment-thumbnail size-thumbnail\" alt=\"\" aria-describedby=\"gallery-4-16221\" \/><\/a>\n\t\t\t<\/dt>\n\t\t\t\t<dd class='wp-caption-text gallery-caption' id='gallery-4-16221'>\n\t\t\t\tNeobvykl\u00e1 duhovka s visk\u00f3zou Hunor\n\t\t\t\t<\/dd><\/dl><dl class='gallery-item'>\n\t\t\t<dt class='gallery-icon landscape'>\n\t\t\t\t<a href='https:\/\/www.krampolinka.cz\/wp-content\/uploads\/2022\/05\/Kreativ-Jaro-2022-4.jpg'><img loading=\"lazy\" decoding=\"async\" width=\"250\" height=\"250\" src=\"https:\/\/www.krampolinka.cz\/wp-content\/uploads\/2022\/05\/Kreativ-Jaro-2022-4-250x250.jpg\" class=\"attachment-thumbnail size-thumbnail\" alt=\"\" aria-describedby=\"gallery-4-16222\" \/><\/a>\n\t\t\t<\/dt>\n\t\t\t\t<dd class='wp-caption-text gallery-caption' id='gallery-4-16222'>\n\t\t\t\tDivok\u00e9 hedv\u00e1b\u00ed Hunor\n\t\t\t\t<\/dd><\/dl><dl class='gallery-item'>\n\t\t\t<dt class='gallery-icon landscape'>\n\t\t\t\t<a href='https:\/\/www.krampolinka.cz\/wp-content\/uploads\/2022\/05\/Kreativ-Jaro-2022-5.jpg'><img loading=\"lazy\" decoding=\"async\" width=\"250\" height=\"250\" src=\"https:\/\/www.krampolinka.cz\/wp-content\/uploads\/2022\/05\/Kreativ-Jaro-2022-5-250x250.jpg\" class=\"attachment-thumbnail size-thumbnail\" alt=\"\" aria-describedby=\"gallery-4-16223\" \/><\/a>\n\t\t\t<\/dt>\n\t\t\t\t<dd class='wp-caption-text gallery-caption' id='gallery-4-16223'>\n\t\t\t\tMerino Hunor\n\t\t\t\t<\/dd><\/dl><dl class='gallery-item'>\n\t\t\t<dt class='gallery-icon landscape'>\n\t\t\t\t<a href='https:\/\/www.krampolinka.cz\/wp-content\/uploads\/2022\/05\/Kreativ-Jaro-2022-6.jpg'><img loading=\"lazy\" decoding=\"async\" width=\"250\" height=\"250\" src=\"https:\/\/www.krampolinka.cz\/wp-content\/uploads\/2022\/05\/Kreativ-Jaro-2022-6-250x250.jpg\" class=\"attachment-thumbnail size-thumbnail\" alt=\"\" aria-describedby=\"gallery-4-16224\" \/><\/a>\n\t\t\t<\/dt>\n\t\t\t\t<dd class='wp-caption-text gallery-caption' id='gallery-4-16224'>\n\t\t\t\tR\u016fzn\u00e1 klub\u00ed\u010dka Hunor\n\t\t\t\t<\/dd><\/dl><br style=\"clear: both\" \/>\n\t\t<\/div>\n\n<p>V\u011b\u0159\u00edm, \u017ee jste si v\u00fdstavu Kreativ u\u017eili jako j\u00e1. Sice d\u00edky Covidu \u0159ady tv\u016frc\u016f i vystavovatel\u016f pro\u0159\u00eddly, ale v\u011b\u0159\u00edm, \u017ee se situace brzo naprav\u00ed. A\u0165 se v\u0161em da\u0159\u00ed.<\/p>\n<p>&nbsp;<\/p>\n","protected":false},"excerpt":{"rendered":"<p>Kreativ Jaro 2022 je za n\u00e1mi a j\u00e1 p\u0159in\u00e1\u0161\u00edm kr\u00e1tk\u00fd \u010dl\u00e1nek, shrnut\u00ed a pod\u011bkov\u00e1n\u00ed.<\/p>\n","protected":false},"author":1,"featured_media":16203,"comment_status":"open","ping_status":"open","sticky":false,"template":"","format":"standard","meta":{"footnotes":""},"categories":[1843,213],"tags":[1858,1356,1481,320,1857],"class_list":["post-16200","post","type-post","status-publish","format-standard","has-post-thumbnail","hentry","category-kreativ","category-informace-nejen-o-hackovani","tag-hunor","tag-jaba-klubka","tag-jadoli","tag-kreativ","tag-kurz-hackovani"],"translation":{"provider":"WPGlobus","version":"3.0.2","language":"en","enabled_languages":["cz","en"],"languages":{"cz":{"title":true,"content":true,"excerpt":false},"en":{"title":false,"content":false,"excerpt":false}}},"yoast_head":"<!-- This site is optimized with the Yoast SEO plugin v27.5 - https:\/\/yoast.com\/product\/yoast-seo-wordpress\/ -->\n<title>Ohl\u00e9dnut\u00ed za v\u00fdstavou KREATIV JARO 2022 - www.krampolinka.cz<\/title>\n<meta name=\"robots\" content=\"index, follow, max-snippet:-1, max-image-preview:large, max-video-preview:-1\" \/>\n<link rel=\"canonical\" href=\"https:\/\/www.krampolinka.cz\/jaky-byl-kreativ-jaro\/\" \/>\n<meta property=\"og:locale\" content=\"en_US\" \/>\n<meta property=\"og:type\" content=\"article\" \/>\n<meta property=\"og:title\" content=\"Jak\u00fd byl KREATIV JARO? &#183; Free Crochet Patterns Krampolinka\" \/>\n<meta property=\"og:url\" content=\"https:\/\/www.krampolinka.cz\/jaky-byl-kreativ-jaro\/\" \/>\n<meta property=\"og:site_name\" content=\"Free Crochet Patterns Krampolinka\" \/>\n<meta property=\"article:publisher\" content=\"https:\/\/www.facebook.com\/Krampolinka\/?ref=bookmarks\" \/>\n<meta property=\"article:author\" content=\"https:\/\/www.facebook.com\/Krampolinka\/?ref=bookmarks\" \/>\n<meta property=\"article:published_time\" content=\"2022-05-21T12:38:01+00:00\" \/>\n<meta property=\"article:modified_time\" content=\"2022-09-23T05:38:38+00:00\" \/>\n<meta property=\"og:image\" content=\"https:\/\/www.krampolinka.cz\/wp-content\/uploads\/2022\/05\/Kopie-navrhu-Kopie-navrhu-Kopie-navrhu-Zahlavi-web-5.jpg\" \/>\n\t<meta property=\"og:image:width\" content=\"1200\" \/>\n\t<meta property=\"og:image:height\" content=\"621\" \/>\n\t<meta property=\"og:image:type\" content=\"image\/jpeg\" \/>\n<meta name=\"author\" content=\"Krampolinka\" \/>\n<meta name=\"twitter:card\" content=\"summary_large_image\" \/>\n<meta name=\"twitter:label1\" content=\"Written by\" \/>\n\t<meta name=\"twitter:data1\" content=\"Krampolinka\" \/>\n\t<meta name=\"twitter:label2\" content=\"Est. reading time\" \/>\n\t<meta name=\"twitter:data2\" content=\"4 minutes\" \/>\n<script type=\"application\/ld+json\" class=\"yoast-schema-graph\">{\"@context\":\"https:\\\/\\\/schema.org\",\"@graph\":[{\"@type\":\"Article\",\"@id\":\"https:\\\/\\\/www.krampolinka.cz\\\/jaky-byl-kreativ-jaro\\\/#article\",\"isPartOf\":{\"@id\":\"https:\\\/\\\/www.krampolinka.cz\\\/jaky-byl-kreativ-jaro\\\/\"},\"author\":{\"name\":\"Krampolinka\",\"@id\":\"https:\\\/\\\/www.krampolinka.cz\\\/#\\\/schema\\\/person\\\/3bbed8d08476eca23911fc89fee02a52\"},\"headline\":\"Jak\u00fd byl KREATIV JARO?\",\"datePublished\":\"2022-05-21T12:38:01+00:00\",\"dateModified\":\"2022-09-23T05:38:38+00:00\",\"mainEntityOfPage\":{\"@id\":\"https:\\\/\\\/www.krampolinka.cz\\\/jaky-byl-kreativ-jaro\\\/\"},\"wordCount\":718,\"commentCount\":0,\"publisher\":{\"@id\":\"https:\\\/\\\/www.krampolinka.cz\\\/#\\\/schema\\\/person\\\/3bbed8d08476eca23911fc89fee02a52\"},\"image\":{\"@id\":\"https:\\\/\\\/www.krampolinka.cz\\\/jaky-byl-kreativ-jaro\\\/#primaryimage\"},\"thumbnailUrl\":\"https:\\\/\\\/www.krampolinka.cz\\\/wp-content\\\/uploads\\\/2022\\\/05\\\/Kopie-navrhu-Kopie-navrhu-Kopie-navrhu-Zahlavi-web-5.jpg\",\"keywords\":[\"hunor\",\"jaba klubka\",\"jadoli\",\"Kreativ\",\"kurz h\u00e1\u010dkov\u00e1n\u00ed\"],\"articleSection\":[\"Kreativ\",\"O h\u00e1\u010dkov\u00e1n\u00ed\"],\"inLanguage\":\"en-US\",\"potentialAction\":[{\"@type\":\"CommentAction\",\"name\":\"Comment\",\"target\":[\"https:\\\/\\\/www.krampolinka.cz\\\/jaky-byl-kreativ-jaro\\\/#respond\"]}]},{\"@type\":\"WebPage\",\"@id\":\"https:\\\/\\\/www.krampolinka.cz\\\/jaky-byl-kreativ-jaro\\\/\",\"url\":\"https:\\\/\\\/www.krampolinka.cz\\\/jaky-byl-kreativ-jaro\\\/\",\"name\":\"Ohl\u00e9dnut\u00ed za v\u00fdstavou KREATIV JARO 2022 - www.krampolinka.cz\",\"isPartOf\":{\"@id\":\"https:\\\/\\\/www.krampolinka.cz\\\/#website\"},\"primaryImageOfPage\":{\"@id\":\"https:\\\/\\\/www.krampolinka.cz\\\/jaky-byl-kreativ-jaro\\\/#primaryimage\"},\"image\":{\"@id\":\"https:\\\/\\\/www.krampolinka.cz\\\/jaky-byl-kreativ-jaro\\\/#primaryimage\"},\"thumbnailUrl\":\"https:\\\/\\\/www.krampolinka.cz\\\/wp-content\\\/uploads\\\/2022\\\/05\\\/Kopie-navrhu-Kopie-navrhu-Kopie-navrhu-Zahlavi-web-5.jpg\",\"datePublished\":\"2022-05-21T12:38:01+00:00\",\"dateModified\":\"2022-09-23T05:38:38+00:00\",\"description\":\"V\u00fdstava Kreativ je v\u017edy nabit\u00e1 inspirac\u00ed a pozitivn\u00ed tvo\u0159ivou n\u00e1ladou. Na leto\u0161n\u00edm ro\u010dn\u00edku Kreativ jsme si spole\u010dn\u011b uh\u00e1\u010dkovali kv\u011btinu.\",\"breadcrumb\":{\"@id\":\"https:\\\/\\\/www.krampolinka.cz\\\/jaky-byl-kreativ-jaro\\\/#breadcrumb\"},\"inLanguage\":\"en-US\",\"potentialAction\":[{\"@type\":\"ReadAction\",\"target\":[\"https:\\\/\\\/www.krampolinka.cz\\\/jaky-byl-kreativ-jaro\\\/\"]}]},{\"@type\":\"ImageObject\",\"inLanguage\":\"en-US\",\"@id\":\"https:\\\/\\\/www.krampolinka.cz\\\/jaky-byl-kreativ-jaro\\\/#primaryimage\",\"url\":\"https:\\\/\\\/www.krampolinka.cz\\\/wp-content\\\/uploads\\\/2022\\\/05\\\/Kopie-navrhu-Kopie-navrhu-Kopie-navrhu-Zahlavi-web-5.jpg\",\"contentUrl\":\"https:\\\/\\\/www.krampolinka.cz\\\/wp-content\\\/uploads\\\/2022\\\/05\\\/Kopie-navrhu-Kopie-navrhu-Kopie-navrhu-Zahlavi-web-5.jpg\",\"width\":1200,\"height\":621},{\"@type\":\"BreadcrumbList\",\"@id\":\"https:\\\/\\\/www.krampolinka.cz\\\/jaky-byl-kreativ-jaro\\\/#breadcrumb\",\"itemListElement\":[{\"@type\":\"ListItem\",\"position\":1,\"name\":\"Home\",\"item\":\"https:\\\/\\\/www.krampolinka.cz\\\/\"},{\"@type\":\"ListItem\",\"position\":2,\"name\":\"Jak\u00fd byl KREATIV JARO?\"}]},{\"@type\":\"WebSite\",\"@id\":\"https:\\\/\\\/www.krampolinka.cz\\\/#website\",\"url\":\"https:\\\/\\\/www.krampolinka.cz\\\/\",\"name\":\"Krampolinka H\u00e1\u010dkov\u00e1n\u00ed Crochet\",\"description\":\"Free Crochet Patterns and Video Tutorials Krampolinka\",\"publisher\":{\"@id\":\"https:\\\/\\\/www.krampolinka.cz\\\/#\\\/schema\\\/person\\\/3bbed8d08476eca23911fc89fee02a52\"},\"potentialAction\":[{\"@type\":\"SearchAction\",\"target\":{\"@type\":\"EntryPoint\",\"urlTemplate\":\"https:\\\/\\\/www.krampolinka.cz\\\/?s={search_term_string}\"},\"query-input\":{\"@type\":\"PropertyValueSpecification\",\"valueRequired\":true,\"valueName\":\"search_term_string\"}}],\"inLanguage\":\"en-US\"},{\"@type\":[\"Person\",\"Organization\"],\"@id\":\"https:\\\/\\\/www.krampolinka.cz\\\/#\\\/schema\\\/person\\\/3bbed8d08476eca23911fc89fee02a52\",\"name\":\"Krampolinka\",\"logo\":{\"@id\":\"https:\\\/\\\/www.krampolinka.cz\\\/#\\\/schema\\\/person\\\/image\\\/\"},\"description\":\"V\u00edtejte u mne doma \u2013 na str\u00e1nce www.krampolinka.cz D\u011bkuji za milou n\u00e1v\u0161t\u011bvu. Ru\u010dn\u011b vyroben\u00e1 v\u011bc m\u00e1 du\u0161i a srdce, m\u00e1 p\u0159\u00edb\u011bh, m\u00e1 d\u016fvod, m\u00e1 historii. Je propojen\u00e1 s t\u00edm, kdo ji vyr\u00e1b\u00ed, s t\u00edm, kdo si ji p\u0159\u00e1l, nebo s t\u00edm, kdo ji dostane. Jmenuji se Katka, m\u00e1m \u00fa\u017easnou dceru a h\u00e1\u010dkov\u00e1n\u00ed je m\u016fj snov\u00fd sv\u011bt, kam si odb\u00edh\u00e1m odpo\u010dinout od denn\u00ed reality a sou\u010dasn\u011b na\u010derpat dal\u0161\u00ed energii. R\u00e1da bych v\u00e1m touto cestou nab\u00eddla sv\u00e9 kreativn\u00ed j\u00e1, kter\u00e9 prom\u00edt\u00e1m do n\u00e1vod\u016f a videon\u00e1vod\u016f. Moje filozofie je poskytnout sv\u00e9 zku\u0161enosti a n\u00e1pady ZDARMA v\u0161em, kte\u0159\u00ed v h\u00e1\u010dkov\u00e1n\u00ed nalezli nov\u00e9ho \u201epar\u0165\u00e1ka\u201c a maj\u00ed chu\u0165 do tvo\u0159en\u00ed. H\u00e1\u010dkov\u00e1n\u00ed vn\u00edm\u00e1m jako tradi\u010dn\u00ed rukod\u011blnou \u010dinnost, kter\u00e1 b\u00fdvala b\u011b\u017enou v\u00fdbavou ka\u017ed\u00e9 \u017eeny. Tradici je pot\u0159eba p\u0159ed\u00e1vat d\u00e1l, a to jde pouze tehdy, kdy\u017e jsme schopni se o sv\u00e9 zku\u0161enosti nezi\u0161tn\u011b pod\u011blit. Krom\u011b n\u00e1vod\u016f se zde na webovce dozv\u00edte i spoustu informac\u00ed o novink\u00e1ch v oblasti p\u0159\u00edz\u00ed, report\u00e1\u017ee, informace o vych\u00e1zej\u00edc\u00edch \u010dasopisech, knih\u00e1ch nebo trendech v h\u00e1\u010dkov\u00e1n\u00ed. Sou\u010d\u00e1st\u00ed str\u00e1nky je i mal\u00e1 \u0161koli\u010dka h\u00e1\u010dkov\u00e1n\u00ed s videi, tak\u017ee se zde neztrat\u00ed ani za\u010d\u00e1te\u010dn\u00edk. Budu m\u00edt radost, pokud budete tvo\u0159it dle m\u00fdch n\u00e1vod\u016f. Popros\u00edm jen o jedin\u00e9 \u2013 nezneu\u017e\u00edvejte jich ke komer\u010dn\u00edm \u00fa\u010del\u016fm. Bylo by to nef\u00e9r. V n\u00e1vodech nech\u00e1v\u00e1m kus sebe, sv\u016fj \u010das, sv\u00e9 ide\u00e1ly, n\u00e1pady, p\u0159edstavy i n\u00e1lady, m\u016fj jedine\u010dn\u00fd podpis. Pokud v\u00e1s str\u00e1nka zaujala, vezmete h\u00e1\u010dek do rukou a za\u010dnete s nov\u00fdm kon\u00ed\u010dkem nebo se k h\u00e1\u010dkov\u00e1n\u00ed vr\u00e1t\u00edte \u2013 m\u016fj \u00fakol zde je spln\u011bn\u00fd. Moc si p\u0159eji, aby jste byli nositeli t\u00e9to kr\u00e1sn\u00e9 ru\u010dn\u00ed tradice a p\u0159ed\u00e1vali ji d\u00e1l, u\u010dili sv\u00e9 bl\u00edzk\u00e9, d\u011bti nebo vnou\u010d\u00e1tka. Pro radost z h\u00e1\u010dkov\u00e1n\u00ed v\u00e1m v\u0161em\",\"sameAs\":[\"https:\\\/\\\/www.krampolinka.cz\",\"https:\\\/\\\/www.facebook.com\\\/Krampolinka\\\/?ref=bookmarks\",\"https:\\\/\\\/www.instagram.com\\\/krampolinka_hackovani_crochet\\\/\",\"https:\\\/\\\/cz.pinterest.com\\\/Krampolinka1\\\/_created\\\/\",\"https:\\\/\\\/www.youtube.com\\\/user\\\/katerinao79\"]}]}<\/script>\n<!-- \/ Yoast SEO plugin. -->","yoast_head_json":{"title":"Ohl\u00e9dnut\u00ed za v\u00fdstavou KREATIV JARO 2022 - www.krampolinka.cz","robots":{"index":"index","follow":"follow","max-snippet":"max-snippet:-1","max-image-preview":"max-image-preview:large","max-video-preview":"max-video-preview:-1"},"canonical":"https:\/\/www.krampolinka.cz\/jaky-byl-kreativ-jaro\/","og_locale":"en_US","og_type":"article","og_title":"Jak\u00fd byl KREATIV JARO? &#183; Free Crochet Patterns Krampolinka","og_url":"https:\/\/www.krampolinka.cz\/jaky-byl-kreativ-jaro\/","og_site_name":"Free Crochet Patterns Krampolinka","article_publisher":"https:\/\/www.facebook.com\/Krampolinka\/?ref=bookmarks","article_author":"https:\/\/www.facebook.com\/Krampolinka\/?ref=bookmarks","article_published_time":"2022-05-21T12:38:01+00:00","article_modified_time":"2022-09-23T05:38:38+00:00","og_image":[{"width":1200,"height":621,"url":"https:\/\/www.krampolinka.cz\/wp-content\/uploads\/2022\/05\/Kopie-navrhu-Kopie-navrhu-Kopie-navrhu-Zahlavi-web-5.jpg","type":"image\/jpeg"}],"author":"Krampolinka","twitter_card":"summary_large_image","twitter_misc":{"Written by":"Krampolinka","Est. reading time":"4 minutes"},"schema":{"@context":"https:\/\/schema.org","@graph":[{"@type":"Article","@id":"https:\/\/www.krampolinka.cz\/jaky-byl-kreativ-jaro\/#article","isPartOf":{"@id":"https:\/\/www.krampolinka.cz\/jaky-byl-kreativ-jaro\/"},"author":{"name":"Krampolinka","@id":"https:\/\/www.krampolinka.cz\/#\/schema\/person\/3bbed8d08476eca23911fc89fee02a52"},"headline":"Jak\u00fd byl KREATIV JARO?","datePublished":"2022-05-21T12:38:01+00:00","dateModified":"2022-09-23T05:38:38+00:00","mainEntityOfPage":{"@id":"https:\/\/www.krampolinka.cz\/jaky-byl-kreativ-jaro\/"},"wordCount":718,"commentCount":0,"publisher":{"@id":"https:\/\/www.krampolinka.cz\/#\/schema\/person\/3bbed8d08476eca23911fc89fee02a52"},"image":{"@id":"https:\/\/www.krampolinka.cz\/jaky-byl-kreativ-jaro\/#primaryimage"},"thumbnailUrl":"https:\/\/www.krampolinka.cz\/wp-content\/uploads\/2022\/05\/Kopie-navrhu-Kopie-navrhu-Kopie-navrhu-Zahlavi-web-5.jpg","keywords":["hunor","jaba klubka","jadoli","Kreativ","kurz h\u00e1\u010dkov\u00e1n\u00ed"],"articleSection":["Kreativ","O h\u00e1\u010dkov\u00e1n\u00ed"],"inLanguage":"en-US","potentialAction":[{"@type":"CommentAction","name":"Comment","target":["https:\/\/www.krampolinka.cz\/jaky-byl-kreativ-jaro\/#respond"]}]},{"@type":"WebPage","@id":"https:\/\/www.krampolinka.cz\/jaky-byl-kreativ-jaro\/","url":"https:\/\/www.krampolinka.cz\/jaky-byl-kreativ-jaro\/","name":"Ohl\u00e9dnut\u00ed za v\u00fdstavou KREATIV JARO 2022 - www.krampolinka.cz","isPartOf":{"@id":"https:\/\/www.krampolinka.cz\/#website"},"primaryImageOfPage":{"@id":"https:\/\/www.krampolinka.cz\/jaky-byl-kreativ-jaro\/#primaryimage"},"image":{"@id":"https:\/\/www.krampolinka.cz\/jaky-byl-kreativ-jaro\/#primaryimage"},"thumbnailUrl":"https:\/\/www.krampolinka.cz\/wp-content\/uploads\/2022\/05\/Kopie-navrhu-Kopie-navrhu-Kopie-navrhu-Zahlavi-web-5.jpg","datePublished":"2022-05-21T12:38:01+00:00","dateModified":"2022-09-23T05:38:38+00:00","description":"V\u00fdstava Kreativ je v\u017edy nabit\u00e1 inspirac\u00ed a pozitivn\u00ed tvo\u0159ivou n\u00e1ladou. Na leto\u0161n\u00edm ro\u010dn\u00edku Kreativ jsme si spole\u010dn\u011b uh\u00e1\u010dkovali kv\u011btinu.","breadcrumb":{"@id":"https:\/\/www.krampolinka.cz\/jaky-byl-kreativ-jaro\/#breadcrumb"},"inLanguage":"en-US","potentialAction":[{"@type":"ReadAction","target":["https:\/\/www.krampolinka.cz\/jaky-byl-kreativ-jaro\/"]}]},{"@type":"ImageObject","inLanguage":"en-US","@id":"https:\/\/www.krampolinka.cz\/jaky-byl-kreativ-jaro\/#primaryimage","url":"https:\/\/www.krampolinka.cz\/wp-content\/uploads\/2022\/05\/Kopie-navrhu-Kopie-navrhu-Kopie-navrhu-Zahlavi-web-5.jpg","contentUrl":"https:\/\/www.krampolinka.cz\/wp-content\/uploads\/2022\/05\/Kopie-navrhu-Kopie-navrhu-Kopie-navrhu-Zahlavi-web-5.jpg","width":1200,"height":621},{"@type":"BreadcrumbList","@id":"https:\/\/www.krampolinka.cz\/jaky-byl-kreativ-jaro\/#breadcrumb","itemListElement":[{"@type":"ListItem","position":1,"name":"Home","item":"https:\/\/www.krampolinka.cz\/"},{"@type":"ListItem","position":2,"name":"Jak\u00fd byl KREATIV JARO?"}]},{"@type":"WebSite","@id":"https:\/\/www.krampolinka.cz\/#website","url":"https:\/\/www.krampolinka.cz\/","name":"Krampolinka H\u00e1\u010dkov\u00e1n\u00ed Crochet","description":"Free Crochet Patterns and Video Tutorials Krampolinka","publisher":{"@id":"https:\/\/www.krampolinka.cz\/#\/schema\/person\/3bbed8d08476eca23911fc89fee02a52"},"potentialAction":[{"@type":"SearchAction","target":{"@type":"EntryPoint","urlTemplate":"https:\/\/www.krampolinka.cz\/?s={search_term_string}"},"query-input":{"@type":"PropertyValueSpecification","valueRequired":true,"valueName":"search_term_string"}}],"inLanguage":"en-US"},{"@type":["Person","Organization"],"@id":"https:\/\/www.krampolinka.cz\/#\/schema\/person\/3bbed8d08476eca23911fc89fee02a52","name":"Krampolinka","logo":{"@id":"https:\/\/www.krampolinka.cz\/#\/schema\/person\/image\/"},"description":"V\u00edtejte u mne doma \u2013 na str\u00e1nce www.krampolinka.cz D\u011bkuji za milou n\u00e1v\u0161t\u011bvu. Ru\u010dn\u011b vyroben\u00e1 v\u011bc m\u00e1 du\u0161i a srdce, m\u00e1 p\u0159\u00edb\u011bh, m\u00e1 d\u016fvod, m\u00e1 historii. Je propojen\u00e1 s t\u00edm, kdo ji vyr\u00e1b\u00ed, s t\u00edm, kdo si ji p\u0159\u00e1l, nebo s t\u00edm, kdo ji dostane. Jmenuji se Katka, m\u00e1m \u00fa\u017easnou dceru a h\u00e1\u010dkov\u00e1n\u00ed je m\u016fj snov\u00fd sv\u011bt, kam si odb\u00edh\u00e1m odpo\u010dinout od denn\u00ed reality a sou\u010dasn\u011b na\u010derpat dal\u0161\u00ed energii. R\u00e1da bych v\u00e1m touto cestou nab\u00eddla sv\u00e9 kreativn\u00ed j\u00e1, kter\u00e9 prom\u00edt\u00e1m do n\u00e1vod\u016f a videon\u00e1vod\u016f. Moje filozofie je poskytnout sv\u00e9 zku\u0161enosti a n\u00e1pady ZDARMA v\u0161em, kte\u0159\u00ed v h\u00e1\u010dkov\u00e1n\u00ed nalezli nov\u00e9ho \u201epar\u0165\u00e1ka\u201c a maj\u00ed chu\u0165 do tvo\u0159en\u00ed. H\u00e1\u010dkov\u00e1n\u00ed vn\u00edm\u00e1m jako tradi\u010dn\u00ed rukod\u011blnou \u010dinnost, kter\u00e1 b\u00fdvala b\u011b\u017enou v\u00fdbavou ka\u017ed\u00e9 \u017eeny. Tradici je pot\u0159eba p\u0159ed\u00e1vat d\u00e1l, a to jde pouze tehdy, kdy\u017e jsme schopni se o sv\u00e9 zku\u0161enosti nezi\u0161tn\u011b pod\u011blit. Krom\u011b n\u00e1vod\u016f se zde na webovce dozv\u00edte i spoustu informac\u00ed o novink\u00e1ch v oblasti p\u0159\u00edz\u00ed, report\u00e1\u017ee, informace o vych\u00e1zej\u00edc\u00edch \u010dasopisech, knih\u00e1ch nebo trendech v h\u00e1\u010dkov\u00e1n\u00ed. Sou\u010d\u00e1st\u00ed str\u00e1nky je i mal\u00e1 \u0161koli\u010dka h\u00e1\u010dkov\u00e1n\u00ed s videi, tak\u017ee se zde neztrat\u00ed ani za\u010d\u00e1te\u010dn\u00edk. Budu m\u00edt radost, pokud budete tvo\u0159it dle m\u00fdch n\u00e1vod\u016f. Popros\u00edm jen o jedin\u00e9 \u2013 nezneu\u017e\u00edvejte jich ke komer\u010dn\u00edm \u00fa\u010del\u016fm. Bylo by to nef\u00e9r. V n\u00e1vodech nech\u00e1v\u00e1m kus sebe, sv\u016fj \u010das, sv\u00e9 ide\u00e1ly, n\u00e1pady, p\u0159edstavy i n\u00e1lady, m\u016fj jedine\u010dn\u00fd podpis. Pokud v\u00e1s str\u00e1nka zaujala, vezmete h\u00e1\u010dek do rukou a za\u010dnete s nov\u00fdm kon\u00ed\u010dkem nebo se k h\u00e1\u010dkov\u00e1n\u00ed vr\u00e1t\u00edte \u2013 m\u016fj \u00fakol zde je spln\u011bn\u00fd. Moc si p\u0159eji, aby jste byli nositeli t\u00e9to kr\u00e1sn\u00e9 ru\u010dn\u00ed tradice a p\u0159ed\u00e1vali ji d\u00e1l, u\u010dili sv\u00e9 bl\u00edzk\u00e9, d\u011bti nebo vnou\u010d\u00e1tka. Pro radost z h\u00e1\u010dkov\u00e1n\u00ed v\u00e1m v\u0161em","sameAs":["https:\/\/www.krampolinka.cz","https:\/\/www.facebook.com\/Krampolinka\/?ref=bookmarks","https:\/\/www.instagram.com\/krampolinka_hackovani_crochet\/","https:\/\/cz.pinterest.com\/Krampolinka1\/_created\/","https:\/\/www.youtube.com\/user\/katerinao79"]}]}},"_links":{"self":[{"href":"https:\/\/www.krampolinka.cz\/en\/wp-json\/wp\/v2\/posts\/16200","targetHints":{"allow":["GET"]}}],"collection":[{"href":"https:\/\/www.krampolinka.cz\/en\/wp-json\/wp\/v2\/posts"}],"about":[{"href":"https:\/\/www.krampolinka.cz\/en\/wp-json\/wp\/v2\/types\/post"}],"author":[{"embeddable":true,"href":"https:\/\/www.krampolinka.cz\/en\/wp-json\/wp\/v2\/users\/1"}],"replies":[{"embeddable":true,"href":"https:\/\/www.krampolinka.cz\/en\/wp-json\/wp\/v2\/comments?post=16200"}],"version-history":[{"count":0,"href":"https:\/\/www.krampolinka.cz\/en\/wp-json\/wp\/v2\/posts\/16200\/revisions"}],"wp:featuredmedia":[{"embeddable":true,"href":"https:\/\/www.krampolinka.cz\/en\/wp-json\/wp\/v2\/media\/16203"}],"wp:attachment":[{"href":"https:\/\/www.krampolinka.cz\/en\/wp-json\/wp\/v2\/media?parent=16200"}],"wp:term":[{"taxonomy":"category","embeddable":true,"href":"https:\/\/www.krampolinka.cz\/en\/wp-json\/wp\/v2\/categories?post=16200"},{"taxonomy":"post_tag","embeddable":true,"href":"https:\/\/www.krampolinka.cz\/en\/wp-json\/wp\/v2\/tags?post=16200"}],"curies":[{"name":"wp","href":"https:\/\/api.w.org\/{rel}","templated":true}]}}