{"id":4888,"date":"2018-10-21T22:19:37","date_gmt":"2018-10-21T21:19:37","guid":{"rendered":"http:\/\/www.krampolinka.cz\/?p=4888"},"modified":"2018-11-04T14:28:13","modified_gmt":"2018-11-04T13:28:13","slug":"oblibena-vystava-kreativ-ostrava-opet-v-listopadu-na-cerne-louce","status":"publish","type":"post","link":"https:\/\/www.krampolinka.cz\/en\/oblibena-vystava-kreativ-ostrava-opet-v-listopadu-na-cerne-louce\/","title":{"rendered":"Obl\u00edben\u00e1 v\u00fdstava KREATIV Ostrava op\u011bt v listopadu na \u010cern\u00e9 louce!"},"content":{"rendered":"<p>V\u00fdtvarn\u00e9 d\u00edlni\u010dky, tvo\u0159iv\u00e9 workshopy, kreativn\u00ed n\u00e1pady a inspirace, materi\u00e1l a pom\u016fcky s\u00a0v\u00fdstavn\u00ed slevou, handmade v\u00fdrobky, uk\u00e1zky v\u00fdtvarn\u00fdch technik nebo sezn\u00e1men\u00ed s novinkami na trhu, to v\u0161e najdete na podzimn\u00ed v\u00fdstav\u011b KREATIV Ostrava 2018 ve dnech <strong>9. \u2013 11. listopadu<\/strong> na \u010cern\u00e9 louce v\u00a0Ostrav\u011b.<\/p>\n<p><!--more--><\/p>\n<p>Leto\u0161n\u00ed KREATIV Ostrava je zapln\u011bn do posledn\u00edho m\u00edste\u010dka a m\u016f\u017eete se proto t\u011b\u0161it na v\u00edce jak <strong>150 firem a kreativc\u016f<\/strong> z\u00a0cel\u00e9 \u010cesk\u00e9 republiky. Bude mo\u017eno si nakoupit z\u00a0hojn\u00e9ho mno\u017estv\u00ed materi\u00e1lu ur\u010den\u00e9ho pro tvo\u0159en\u00ed \u2013 kor\u00e1lky a komponenty, l\u00e1tky, galanterii, bavln\u011bnou p\u0159\u00edzi, \u0161n\u016fry nebo \u0161pag\u00e1ty, origin\u00e1ln\u00ed knofl\u00edky, d\u0159ev\u011bn\u00e9 polotovary, sklen\u011bn\u00e9 kam\u00ednky, nejr\u016fzn\u011bj\u0161\u00ed pap\u00edrov\u00fd sortiment, nejr\u016fzn\u011bj\u0161\u00ed barvy, polymerov\u00e9 hmoty, suroviny pro v\u00fdrobu sv\u00ed\u010dek, p\u011bnovka, floristick\u00fd materi\u00e1l, pedig a jin\u00e9. Z\u00a0pom\u016fcek je to nap\u0159\u00edklad, \u0161ic\u00ed nebo vy\u0161\u00edvac\u00ed troje, mal\u00ed\u0159sk\u00e9 stojany, um\u011bleck\u00e9 a hobby \u0161t\u011btce nebo fixy, r\u00e1me\u010dky nebo desky s pl\u00e1tnem, kresl\u00edc\u00ed\u00a0desky, raz\u00edtka, jehlice, no prost\u011b co srdce \u017e\u00e1d\u00e1.<\/p>\n<p>Ti v\u00e1s, kte\u0159\u00ed se t\u011b\u0161\u00ed na tvo\u0159iv\u00e9 workshopy a v\u00fdtvarn\u00e9 d\u00edlni\u010dky si p\u0159ijdou na sv\u00e9. \u010cekaj\u00ed na V\u00e1s nejr\u016fzn\u011bj\u0161\u00ed v\u00fdtvarn\u00e9 techniky \u2013 <strong>EBRU<\/strong> &#8211; malba na vodn\u00ed hladin\u011b s otiskem na l\u00e1tku (Atelier Ebru \u2013 Tess Gemelov\u00e1), pr\u00e1ce s foamiranem (FloriArt), plst\u011bn\u00ed mokrou cestou (KVETU), \u0161it\u00ed z\u00a0kor\u00e1lk\u016f (Kor\u00e1lk\u00e1rna Rooya), scrapbooking\u00a0 &#8211; v\u00fdroba p\u0159\u00e1n\u00ed\u010dka (Scrapyard), vy\u0159ez\u00e1v\u00e1n\u00ed na \u0159ezac\u00edm plotru nebo vy\u0161\u00edv\u00e1n\u00ed na vy\u0161\u00edvac\u00edch stroj\u00edch (NEJ \u0160ic\u00ed stroje), vyzkou\u0161et si m\u016f\u017eete pr\u00e1ci s dl\u00e1tkem a vyr\u00fdt si karti\u010dku (D\u0159ev\u011bn\u00e9 fotoalbum.cz), malov\u00e1n\u00ed na pl\u00e1tno pod veden\u00edm nejlep\u0161\u00edch lektor\u016f olejomalby (ArtVive.cz), pleten\u00ed na ruk\u00e1ch a prstech (Bambulky ELPopo \u2013 Lenka S\u00fdkorov\u00e1), malov\u00e1n\u00ed fixou na pol\u0161t\u00e1\u0159e, ta\u0161ky nebo z\u00e1st\u011brky (Miriam patchwork), vyrobit svou vlastn\u00ed p\u00edskovou mandalu nebo obr\u00e1zek (Mandaly a obr\u00e1zky z\u00a0p\u00edsku), sv\u00ed\u010dky z\u00a0krystalick\u00fdch vosk\u016f (Duhov\u00e1 planeta s.r.o.), smaltov\u00e1n\u00ed l\u017ei\u010dek a p\u0159\u00edbor\u016f, brou\u0161en\u00ed skleni\u010dek a p\u016fl litr\u016f nebo pyrografie d\u0159ev\u011bn\u00e9ho kuchy\u0148sk\u00e9ho n\u00e1\u0159ad\u00ed (Kl\u00e1ra Surov\u00e1 &#8211; \u0160ikovn\u00ed v\u00fdtvarn\u00edci), v\u00fdroba m\u00fddla (Mydlid\u011bdek s.r.o.), vybarvov\u00e1n\u00ed d\u0159ev\u011bn\u00fdch dekorac\u00ed a hr\u00e1tky se sklen\u011bn\u00fdmi kam\u00ednky (Kreativn\u00ed d\u00edlni\u010dka J&amp;V Ku\u010derovi), m\u016f\u017eete si sestavit di\u00e1\u0159 na p\u0159\u00ed\u0161t\u00ed rok (V\u00e1\u0161 kreativn\u00ed sv\u011bt.cz) nebo vytvo\u0159it ozdobu do vlas\u016f (Stefany). Cel\u00fd p\u0159ehled workshop\u016f a d\u00edlni\u010dek najdete na <a href=\"http:\/\/www.cerna-louka.cz\">www.cerna-louka.cz<\/a> nebo FB Kreativ Ostrava.<\/p>\n<p>Pokud v\u00e1h\u00e1te, jak\u00fdm d\u00e1rkem pot\u011b\u0161it sv\u00e9 bl\u00edzk\u00e9 na v\u00e1noce, na KREATIVu Ostrava budete m\u00edt z\u00a0\u010deho vyb\u00edrat. \u010cekaj\u00ed na V\u00e1s jedine\u010dn\u00e9 handmade v\u00fdrobky \u2013 vy\u0161\u00edvan\u00e9 \u0161perky a dopl\u0148ky zna\u010dky TEOREM, kabelky nebo spole\u010densk\u00e9 a svatebn\u00ed modely Hany Binarov\u00e9, plst\u011bn\u00e9 \u0161perky zn. KVETU, h\u00e1\u010dkovan\u00e9 a \u0161it\u00e9 hra\u010dky, origin\u00e1ln\u00ed d\u0159ev\u011bn\u00e1 fotoalba, MARA \u2013 ru\u010dn\u011b malovan\u00e9 a \u0161it\u00e1 m\u00f3da, vonn\u00e9 soli nebo sv\u00ed\u010dky, osobit\u00e1 blahop\u0159\u00e1n\u00ed, barevn\u00e1 keramika a jin\u00e9. Nebude chyb\u011bt ani v\u00e1no\u010dn\u00ed dekorace ve form\u011b v\u011bnc\u016f, perli\u010dkov\u00fdch ozdob, sv\u00edcn\u016f nebo and\u00edlk\u016f.<\/p>\n<p>Sou\u010d\u00e1sti v\u00fdstavy je tak\u00e9 <strong>QUILT Ostrava 2018, <\/strong>kter\u00fd nem\u016f\u017ee ani na leto\u0161n\u00edm Kreativu chyb\u011bt! V\u00a0leto\u0161n\u00edm roce QUILT Ostrava host\u00ed ojedin\u011bl\u00fd projekt pan\u00ed Marcely List\u00edkov\u00e9 \u201eM\u016fj rodn\u00fd kraj aneb kr\u00e1sy \u010cech a Moravy\u201c. Jeho c\u00edlem bylo vytvo\u0159it soubor mal\u00fdch quilt\u016f o velikosti 70 x 40 cm, kter\u00fd by dohromady tvo\u0159il pestr\u00fd obraz na\u0161\u00ed kr\u00e1sn\u00e9 zem\u011b. Z\u00fa\u010dastnit se mohl ka\u017ed\u00fd, kdo m\u011bl na\u00a0dan\u00e9 t\u00e9ma co u\u0161\u00edt. Ka\u017ed\u00e1 autorka mohla zobrazit sv\u016fj rodn\u00fd kraj tak, jak ho m\u00e1 r\u00e1da, vzpomenout na m\u00edsta, kter\u00e1 j\u00ed nejv\u00edce p\u0159irostla k\u00a0srdci, kde si hr\u00e1vala, kudy chod\u00edvala, kde pro\u017e\u00edvala prvn\u00ed l\u00e1sky. Kolekce ukazuje nejen mnoho r\u016fzn\u011b zpracovan\u00fdch pohled\u016f na kr\u00e1sy na\u0161\u00ed zem\u011b, ale p\u0159edstavuje i rozmanit\u00e9 textiln\u00ed techniky.<\/p>\n<h3><\/h3>\n<h3>POZOR SOUT\u011a\u017d O VSTUPENKY PR\u00c1V\u011a PROB\u00cdH\u00c1 VE SKUPINCE KRAMPOLINKA <strong><a href=\"https:\/\/www.facebook.com\/groups\/Krampolinka\/\">zde<\/a><\/strong>.<\/h3>\n<p><strong>Seznam vystavovatel\u016f a p\u0159ehled workshop\u016f a d\u00edlni\u010dek najdete na <\/strong><a href=\"http:\/\/www.cerna-louka.cz\">www.cerna-louka.cz<\/a> <strong>nebo <a href=\"https:\/\/www.facebook.com\/Kreativ-Ostrava-264356813673773\/\">FB Kreativ Ostrava<\/a>.<\/strong><\/p>\n<p><strong>Otev\u00edrac\u00ed doba:<br \/>\n<\/strong>9. 11. \u00a0\u00a0\u00a0 10:00 &#8211; 18:00 hod.<br \/>\n10. 11.\u00a0\u00a0 10:00 &#8211; 18:00 hod.<br \/>\n11. 11. \u00a0 10:00 &#8211; 16:00 hod.<\/p>\n<p><strong>Vstupn\u00e9:<br \/>\n<\/strong>Dosp\u011bl\u00ed\u00a0 \u00a0 \u00a0 \u00a0 \u00a0 \u00a0 \u00a0 \u00a0 \u00a0 \u00a0 \u00a0 \u00a0 \u00a0 \u00a0 \u00a0 \u00a0 \u00a0 \u00a0 \u00a0 \u00a0 \u00a0 \u00a0 \u00a0 90,- K\u010d<br \/>\nD\u016fchodci, studenti, d\u011bti \u00a0\u00a0\u00a0\u00a0\u00a0\u00a0\u00a0\u00a0\u00a0\u00a0\u00a0\u00a0 \u00a0\u00a0\u00a0\u00a0\u00a0\u00a0\u00a050,- K\u010d<br \/>\nPlat\u00ed VIP karta 2018<\/p>\n<p>P\u0159edprodej vstupenek<strong> na www.ostravainfo.cz<\/strong><\/p>\n<p>Parkovat lze v\u00a0are\u00e1lu v\u00fdstavi\u0161t\u011b cena \u2013 15,- K\u010d\/hod.<\/p>\n<p>Kr\u00e1sn\u00fd tvo\u0159iv\u00fd den p\u0159eje<\/p>\n<p>Ka\u010dka<\/p>\n\n\t\t<style type=\"text\/css\">\n\t\t\t#gallery-1 {\n\t\t\t\tmargin: auto;\n\t\t\t}\n\t\t\t#gallery-1 .gallery-item {\n\t\t\t\tfloat: left;\n\t\t\t\tmargin-top: 10px;\n\t\t\t\ttext-align: center;\n\t\t\t\twidth: 20%;\n\t\t\t}\n\t\t\t#gallery-1 img {\n\t\t\t\tborder: 2px solid #cfcfcf;\n\t\t\t}\n\t\t\t#gallery-1 .gallery-caption {\n\t\t\t\tmargin-left: 0;\n\t\t\t}\n\t\t\t\/* see gallery_shortcode() in wp-includes\/media.php *\/\n\t\t<\/style>\n\t\t<div id='gallery-1' class='gallery galleryid-4888 gallery-columns-5 gallery-size-thumbnail'><dl class='gallery-item'>\n\t\t\t<dt class='gallery-icon landscape'>\n\t\t\t\t<a href='https:\/\/www.krampolinka.cz\/wp-content\/uploads\/2018\/10\/ZIMN\u00cd-NOVINKA-OD-VLNA-HEP-5.jpg'><img loading=\"lazy\" decoding=\"async\" width=\"250\" height=\"250\" src=\"https:\/\/www.krampolinka.cz\/wp-content\/uploads\/2018\/10\/ZIMN\u00cd-NOVINKA-OD-VLNA-HEP-5-250x250.jpg\" class=\"attachment-thumbnail size-thumbnail\" alt=\"\" srcset=\"https:\/\/www.krampolinka.cz\/wp-content\/uploads\/2018\/10\/ZIMN\u00cd-NOVINKA-OD-VLNA-HEP-5-250x250.jpg 250w, https:\/\/www.krampolinka.cz\/wp-content\/uploads\/2018\/10\/ZIMN\u00cd-NOVINKA-OD-VLNA-HEP-5-140x140.jpg 140w, https:\/\/www.krampolinka.cz\/wp-content\/uploads\/2018\/10\/ZIMN\u00cd-NOVINKA-OD-VLNA-HEP-5-500x500.jpg 500w, https:\/\/www.krampolinka.cz\/wp-content\/uploads\/2018\/10\/ZIMN\u00cd-NOVINKA-OD-VLNA-HEP-5-180x180.jpg 180w, https:\/\/www.krampolinka.cz\/wp-content\/uploads\/2018\/10\/ZIMN\u00cd-NOVINKA-OD-VLNA-HEP-5-300x300.jpg 300w, https:\/\/www.krampolinka.cz\/wp-content\/uploads\/2018\/10\/ZIMN\u00cd-NOVINKA-OD-VLNA-HEP-5-100x100.jpg 100w\" sizes=\"auto, (max-width: 250px) 100vw, 250px\" \/><\/a>\n\t\t\t<\/dt><\/dl><dl class='gallery-item'>\n\t\t\t<dt class='gallery-icon landscape'>\n\t\t\t\t<a href='https:\/\/www.krampolinka.cz\/wp-content\/uploads\/2018\/10\/QUILT-Ostrava.jpg'><img loading=\"lazy\" decoding=\"async\" width=\"250\" height=\"250\" src=\"https:\/\/www.krampolinka.cz\/wp-content\/uploads\/2018\/10\/QUILT-Ostrava-250x250.jpg\" class=\"attachment-thumbnail size-thumbnail\" alt=\"\" srcset=\"https:\/\/www.krampolinka.cz\/wp-content\/uploads\/2018\/10\/QUILT-Ostrava-250x250.jpg 250w, https:\/\/www.krampolinka.cz\/wp-content\/uploads\/2018\/10\/QUILT-Ostrava-140x140.jpg 140w, https:\/\/www.krampolinka.cz\/wp-content\/uploads\/2018\/10\/QUILT-Ostrava-500x500.jpg 500w, https:\/\/www.krampolinka.cz\/wp-content\/uploads\/2018\/10\/QUILT-Ostrava-180x180.jpg 180w, https:\/\/www.krampolinka.cz\/wp-content\/uploads\/2018\/10\/QUILT-Ostrava-300x300.jpg 300w, https:\/\/www.krampolinka.cz\/wp-content\/uploads\/2018\/10\/QUILT-Ostrava-100x100.jpg 100w\" sizes=\"auto, (max-width: 250px) 100vw, 250px\" \/><\/a>\n\t\t\t<\/dt><\/dl><dl class='gallery-item'>\n\t\t\t<dt class='gallery-icon landscape'>\n\t\t\t\t<a href='https:\/\/www.krampolinka.cz\/wp-content\/uploads\/2018\/10\/v\u00fdstav-KREATIV-Ostrava-47.jpg'><img loading=\"lazy\" decoding=\"async\" width=\"250\" height=\"250\" src=\"https:\/\/www.krampolinka.cz\/wp-content\/uploads\/2018\/10\/v\u00fdstav-KREATIV-Ostrava-47-250x250.jpg\" class=\"attachment-thumbnail size-thumbnail\" alt=\"\" srcset=\"https:\/\/www.krampolinka.cz\/wp-content\/uploads\/2018\/10\/v\u00fdstav-KREATIV-Ostrava-47-250x250.jpg 250w, https:\/\/www.krampolinka.cz\/wp-content\/uploads\/2018\/10\/v\u00fdstav-KREATIV-Ostrava-47-140x140.jpg 140w, https:\/\/www.krampolinka.cz\/wp-content\/uploads\/2018\/10\/v\u00fdstav-KREATIV-Ostrava-47-500x500.jpg 500w, https:\/\/www.krampolinka.cz\/wp-content\/uploads\/2018\/10\/v\u00fdstav-KREATIV-Ostrava-47-180x180.jpg 180w, https:\/\/www.krampolinka.cz\/wp-content\/uploads\/2018\/10\/v\u00fdstav-KREATIV-Ostrava-47-300x300.jpg 300w, https:\/\/www.krampolinka.cz\/wp-content\/uploads\/2018\/10\/v\u00fdstav-KREATIV-Ostrava-47-100x100.jpg 100w\" sizes=\"auto, (max-width: 250px) 100vw, 250px\" \/><\/a>\n\t\t\t<\/dt><\/dl><dl class='gallery-item'>\n\t\t\t<dt class='gallery-icon landscape'>\n\t\t\t\t<a href='https:\/\/www.krampolinka.cz\/wp-content\/uploads\/2018\/10\/v\u00fdstava-KREATIV-Ostrava-1.jpg'><img loading=\"lazy\" decoding=\"async\" width=\"250\" height=\"250\" src=\"https:\/\/www.krampolinka.cz\/wp-content\/uploads\/2018\/10\/v\u00fdstava-KREATIV-Ostrava-1-250x250.jpg\" class=\"attachment-thumbnail size-thumbnail\" alt=\"\" srcset=\"https:\/\/www.krampolinka.cz\/wp-content\/uploads\/2018\/10\/v\u00fdstava-KREATIV-Ostrava-1-250x250.jpg 250w, https:\/\/www.krampolinka.cz\/wp-content\/uploads\/2018\/10\/v\u00fdstava-KREATIV-Ostrava-1-140x140.jpg 140w, https:\/\/www.krampolinka.cz\/wp-content\/uploads\/2018\/10\/v\u00fdstava-KREATIV-Ostrava-1-500x500.jpg 500w, https:\/\/www.krampolinka.cz\/wp-content\/uploads\/2018\/10\/v\u00fdstava-KREATIV-Ostrava-1-180x180.jpg 180w, https:\/\/www.krampolinka.cz\/wp-content\/uploads\/2018\/10\/v\u00fdstava-KREATIV-Ostrava-1-300x300.jpg 300w, https:\/\/www.krampolinka.cz\/wp-content\/uploads\/2018\/10\/v\u00fdstava-KREATIV-Ostrava-1-100x100.jpg 100w\" sizes=\"auto, (max-width: 250px) 100vw, 250px\" \/><\/a>\n\t\t\t<\/dt><\/dl><dl class='gallery-item'>\n\t\t\t<dt class='gallery-icon landscape'>\n\t\t\t\t<a href='https:\/\/www.krampolinka.cz\/wp-content\/uploads\/2018\/10\/v\u00fdstava-KREATIV-Ostrava-2.jpg'><img loading=\"lazy\" decoding=\"async\" width=\"250\" height=\"250\" src=\"https:\/\/www.krampolinka.cz\/wp-content\/uploads\/2018\/10\/v\u00fdstava-KREATIV-Ostrava-2-250x250.jpg\" class=\"attachment-thumbnail size-thumbnail\" alt=\"\" srcset=\"https:\/\/www.krampolinka.cz\/wp-content\/uploads\/2018\/10\/v\u00fdstava-KREATIV-Ostrava-2-250x250.jpg 250w, https:\/\/www.krampolinka.cz\/wp-content\/uploads\/2018\/10\/v\u00fdstava-KREATIV-Ostrava-2-140x140.jpg 140w, https:\/\/www.krampolinka.cz\/wp-content\/uploads\/2018\/10\/v\u00fdstava-KREATIV-Ostrava-2-500x500.jpg 500w, https:\/\/www.krampolinka.cz\/wp-content\/uploads\/2018\/10\/v\u00fdstava-KREATIV-Ostrava-2-180x180.jpg 180w, https:\/\/www.krampolinka.cz\/wp-content\/uploads\/2018\/10\/v\u00fdstava-KREATIV-Ostrava-2-300x300.jpg 300w, https:\/\/www.krampolinka.cz\/wp-content\/uploads\/2018\/10\/v\u00fdstava-KREATIV-Ostrava-2-100x100.jpg 100w\" sizes=\"auto, (max-width: 250px) 100vw, 250px\" \/><\/a>\n\t\t\t<\/dt><\/dl><br style=\"clear: both\" \/><dl class='gallery-item'>\n\t\t\t<dt class='gallery-icon landscape'>\n\t\t\t\t<a href='https:\/\/www.krampolinka.cz\/wp-content\/uploads\/2018\/10\/v\u00fdstava-KREATIV-Ostrava-3.jpg'><img loading=\"lazy\" decoding=\"async\" width=\"250\" height=\"250\" src=\"https:\/\/www.krampolinka.cz\/wp-content\/uploads\/2018\/10\/v\u00fdstava-KREATIV-Ostrava-3-250x250.jpg\" class=\"attachment-thumbnail size-thumbnail\" alt=\"\" srcset=\"https:\/\/www.krampolinka.cz\/wp-content\/uploads\/2018\/10\/v\u00fdstava-KREATIV-Ostrava-3-250x250.jpg 250w, https:\/\/www.krampolinka.cz\/wp-content\/uploads\/2018\/10\/v\u00fdstava-KREATIV-Ostrava-3-140x140.jpg 140w, https:\/\/www.krampolinka.cz\/wp-content\/uploads\/2018\/10\/v\u00fdstava-KREATIV-Ostrava-3-500x500.jpg 500w, https:\/\/www.krampolinka.cz\/wp-content\/uploads\/2018\/10\/v\u00fdstava-KREATIV-Ostrava-3-180x180.jpg 180w, https:\/\/www.krampolinka.cz\/wp-content\/uploads\/2018\/10\/v\u00fdstava-KREATIV-Ostrava-3-300x300.jpg 300w, https:\/\/www.krampolinka.cz\/wp-content\/uploads\/2018\/10\/v\u00fdstava-KREATIV-Ostrava-3-100x100.jpg 100w\" sizes=\"auto, (max-width: 250px) 100vw, 250px\" \/><\/a>\n\t\t\t<\/dt><\/dl><dl class='gallery-item'>\n\t\t\t<dt class='gallery-icon landscape'>\n\t\t\t\t<a href='https:\/\/www.krampolinka.cz\/wp-content\/uploads\/2018\/10\/v\u00fdstava-KREATIV-Ostrava-4.jpg'><img loading=\"lazy\" decoding=\"async\" width=\"250\" height=\"250\" src=\"https:\/\/www.krampolinka.cz\/wp-content\/uploads\/2018\/10\/v\u00fdstava-KREATIV-Ostrava-4-250x250.jpg\" class=\"attachment-thumbnail size-thumbnail\" alt=\"\" srcset=\"https:\/\/www.krampolinka.cz\/wp-content\/uploads\/2018\/10\/v\u00fdstava-KREATIV-Ostrava-4-250x250.jpg 250w, https:\/\/www.krampolinka.cz\/wp-content\/uploads\/2018\/10\/v\u00fdstava-KREATIV-Ostrava-4-140x140.jpg 140w, https:\/\/www.krampolinka.cz\/wp-content\/uploads\/2018\/10\/v\u00fdstava-KREATIV-Ostrava-4-500x500.jpg 500w, https:\/\/www.krampolinka.cz\/wp-content\/uploads\/2018\/10\/v\u00fdstava-KREATIV-Ostrava-4-180x180.jpg 180w, https:\/\/www.krampolinka.cz\/wp-content\/uploads\/2018\/10\/v\u00fdstava-KREATIV-Ostrava-4-300x300.jpg 300w, https:\/\/www.krampolinka.cz\/wp-content\/uploads\/2018\/10\/v\u00fdstava-KREATIV-Ostrava-4-100x100.jpg 100w\" sizes=\"auto, (max-width: 250px) 100vw, 250px\" \/><\/a>\n\t\t\t<\/dt><\/dl><dl class='gallery-item'>\n\t\t\t<dt class='gallery-icon landscape'>\n\t\t\t\t<a href='https:\/\/www.krampolinka.cz\/wp-content\/uploads\/2018\/10\/v\u00fdstava-KREATIV-Ostrava-5.jpg'><img loading=\"lazy\" decoding=\"async\" width=\"250\" height=\"250\" src=\"https:\/\/www.krampolinka.cz\/wp-content\/uploads\/2018\/10\/v\u00fdstava-KREATIV-Ostrava-5-250x250.jpg\" class=\"attachment-thumbnail size-thumbnail\" alt=\"\" srcset=\"https:\/\/www.krampolinka.cz\/wp-content\/uploads\/2018\/10\/v\u00fdstava-KREATIV-Ostrava-5-250x250.jpg 250w, https:\/\/www.krampolinka.cz\/wp-content\/uploads\/2018\/10\/v\u00fdstava-KREATIV-Ostrava-5-140x140.jpg 140w, https:\/\/www.krampolinka.cz\/wp-content\/uploads\/2018\/10\/v\u00fdstava-KREATIV-Ostrava-5-500x500.jpg 500w, https:\/\/www.krampolinka.cz\/wp-content\/uploads\/2018\/10\/v\u00fdstava-KREATIV-Ostrava-5-180x180.jpg 180w, https:\/\/www.krampolinka.cz\/wp-content\/uploads\/2018\/10\/v\u00fdstava-KREATIV-Ostrava-5-300x300.jpg 300w, https:\/\/www.krampolinka.cz\/wp-content\/uploads\/2018\/10\/v\u00fdstava-KREATIV-Ostrava-5-100x100.jpg 100w\" sizes=\"auto, (max-width: 250px) 100vw, 250px\" \/><\/a>\n\t\t\t<\/dt><\/dl><dl class='gallery-item'>\n\t\t\t<dt class='gallery-icon landscape'>\n\t\t\t\t<a href='https:\/\/www.krampolinka.cz\/wp-content\/uploads\/2018\/10\/v\u00fdstava-KREATIV-Ostrava-6.jpg'><img loading=\"lazy\" decoding=\"async\" width=\"250\" height=\"250\" src=\"https:\/\/www.krampolinka.cz\/wp-content\/uploads\/2018\/10\/v\u00fdstava-KREATIV-Ostrava-6-250x250.jpg\" class=\"attachment-thumbnail size-thumbnail\" alt=\"\" srcset=\"https:\/\/www.krampolinka.cz\/wp-content\/uploads\/2018\/10\/v\u00fdstava-KREATIV-Ostrava-6-250x250.jpg 250w, https:\/\/www.krampolinka.cz\/wp-content\/uploads\/2018\/10\/v\u00fdstava-KREATIV-Ostrava-6-140x140.jpg 140w, https:\/\/www.krampolinka.cz\/wp-content\/uploads\/2018\/10\/v\u00fdstava-KREATIV-Ostrava-6-500x500.jpg 500w, https:\/\/www.krampolinka.cz\/wp-content\/uploads\/2018\/10\/v\u00fdstava-KREATIV-Ostrava-6-180x180.jpg 180w, https:\/\/www.krampolinka.cz\/wp-content\/uploads\/2018\/10\/v\u00fdstava-KREATIV-Ostrava-6-300x300.jpg 300w, https:\/\/www.krampolinka.cz\/wp-content\/uploads\/2018\/10\/v\u00fdstava-KREATIV-Ostrava-6-100x100.jpg 100w\" sizes=\"auto, (max-width: 250px) 100vw, 250px\" \/><\/a>\n\t\t\t<\/dt><\/dl><dl class='gallery-item'>\n\t\t\t<dt class='gallery-icon landscape'>\n\t\t\t\t<a href='https:\/\/www.krampolinka.cz\/wp-content\/uploads\/2018\/10\/v\u00fdstava-KREATIV-Ostrava-7.jpg'><img loading=\"lazy\" decoding=\"async\" width=\"250\" height=\"250\" src=\"https:\/\/www.krampolinka.cz\/wp-content\/uploads\/2018\/10\/v\u00fdstava-KREATIV-Ostrava-7-250x250.jpg\" class=\"attachment-thumbnail size-thumbnail\" alt=\"\" srcset=\"https:\/\/www.krampolinka.cz\/wp-content\/uploads\/2018\/10\/v\u00fdstava-KREATIV-Ostrava-7-250x250.jpg 250w, https:\/\/www.krampolinka.cz\/wp-content\/uploads\/2018\/10\/v\u00fdstava-KREATIV-Ostrava-7-140x140.jpg 140w, https:\/\/www.krampolinka.cz\/wp-content\/uploads\/2018\/10\/v\u00fdstava-KREATIV-Ostrava-7-500x500.jpg 500w, https:\/\/www.krampolinka.cz\/wp-content\/uploads\/2018\/10\/v\u00fdstava-KREATIV-Ostrava-7-180x180.jpg 180w, https:\/\/www.krampolinka.cz\/wp-content\/uploads\/2018\/10\/v\u00fdstava-KREATIV-Ostrava-7-300x300.jpg 300w, https:\/\/www.krampolinka.cz\/wp-content\/uploads\/2018\/10\/v\u00fdstava-KREATIV-Ostrava-7-100x100.jpg 100w\" sizes=\"auto, (max-width: 250px) 100vw, 250px\" \/><\/a>\n\t\t\t<\/dt><\/dl><br style=\"clear: both\" \/><dl class='gallery-item'>\n\t\t\t<dt class='gallery-icon landscape'>\n\t\t\t\t<a href='https:\/\/www.krampolinka.cz\/wp-content\/uploads\/2018\/10\/v\u00fdstava-KREATIV-Ostrava-8.jpg'><img loading=\"lazy\" decoding=\"async\" width=\"250\" height=\"250\" src=\"https:\/\/www.krampolinka.cz\/wp-content\/uploads\/2018\/10\/v\u00fdstava-KREATIV-Ostrava-8-250x250.jpg\" class=\"attachment-thumbnail size-thumbnail\" alt=\"\" srcset=\"https:\/\/www.krampolinka.cz\/wp-content\/uploads\/2018\/10\/v\u00fdstava-KREATIV-Ostrava-8-250x250.jpg 250w, https:\/\/www.krampolinka.cz\/wp-content\/uploads\/2018\/10\/v\u00fdstava-KREATIV-Ostrava-8-140x140.jpg 140w, https:\/\/www.krampolinka.cz\/wp-content\/uploads\/2018\/10\/v\u00fdstava-KREATIV-Ostrava-8-500x500.jpg 500w, https:\/\/www.krampolinka.cz\/wp-content\/uploads\/2018\/10\/v\u00fdstava-KREATIV-Ostrava-8-180x180.jpg 180w, https:\/\/www.krampolinka.cz\/wp-content\/uploads\/2018\/10\/v\u00fdstava-KREATIV-Ostrava-8-300x300.jpg 300w, https:\/\/www.krampolinka.cz\/wp-content\/uploads\/2018\/10\/v\u00fdstava-KREATIV-Ostrava-8-100x100.jpg 100w\" sizes=\"auto, (max-width: 250px) 100vw, 250px\" \/><\/a>\n\t\t\t<\/dt><\/dl><dl class='gallery-item'>\n\t\t\t<dt class='gallery-icon landscape'>\n\t\t\t\t<a href='https:\/\/www.krampolinka.cz\/wp-content\/uploads\/2018\/10\/v\u00fdstava-KREATIV-Ostrava-9.jpg'><img loading=\"lazy\" decoding=\"async\" width=\"250\" height=\"250\" src=\"https:\/\/www.krampolinka.cz\/wp-content\/uploads\/2018\/10\/v\u00fdstava-KREATIV-Ostrava-9-250x250.jpg\" class=\"attachment-thumbnail size-thumbnail\" alt=\"\" srcset=\"https:\/\/www.krampolinka.cz\/wp-content\/uploads\/2018\/10\/v\u00fdstava-KREATIV-Ostrava-9-250x250.jpg 250w, https:\/\/www.krampolinka.cz\/wp-content\/uploads\/2018\/10\/v\u00fdstava-KREATIV-Ostrava-9-140x140.jpg 140w, https:\/\/www.krampolinka.cz\/wp-content\/uploads\/2018\/10\/v\u00fdstava-KREATIV-Ostrava-9-500x500.jpg 500w, https:\/\/www.krampolinka.cz\/wp-content\/uploads\/2018\/10\/v\u00fdstava-KREATIV-Ostrava-9-180x180.jpg 180w, https:\/\/www.krampolinka.cz\/wp-content\/uploads\/2018\/10\/v\u00fdstava-KREATIV-Ostrava-9-300x300.jpg 300w, https:\/\/www.krampolinka.cz\/wp-content\/uploads\/2018\/10\/v\u00fdstava-KREATIV-Ostrava-9-100x100.jpg 100w\" sizes=\"auto, (max-width: 250px) 100vw, 250px\" \/><\/a>\n\t\t\t<\/dt><\/dl><dl class='gallery-item'>\n\t\t\t<dt class='gallery-icon landscape'>\n\t\t\t\t<a href='https:\/\/www.krampolinka.cz\/wp-content\/uploads\/2018\/10\/v\u00fdstava-KREATIV-Ostrava-10.jpg'><img loading=\"lazy\" decoding=\"async\" width=\"250\" height=\"250\" src=\"https:\/\/www.krampolinka.cz\/wp-content\/uploads\/2018\/10\/v\u00fdstava-KREATIV-Ostrava-10-250x250.jpg\" class=\"attachment-thumbnail size-thumbnail\" alt=\"\" srcset=\"https:\/\/www.krampolinka.cz\/wp-content\/uploads\/2018\/10\/v\u00fdstava-KREATIV-Ostrava-10-250x250.jpg 250w, https:\/\/www.krampolinka.cz\/wp-content\/uploads\/2018\/10\/v\u00fdstava-KREATIV-Ostrava-10-140x140.jpg 140w, https:\/\/www.krampolinka.cz\/wp-content\/uploads\/2018\/10\/v\u00fdstava-KREATIV-Ostrava-10-500x500.jpg 500w, https:\/\/www.krampolinka.cz\/wp-content\/uploads\/2018\/10\/v\u00fdstava-KREATIV-Ostrava-10-180x180.jpg 180w, https:\/\/www.krampolinka.cz\/wp-content\/uploads\/2018\/10\/v\u00fdstava-KREATIV-Ostrava-10-300x300.jpg 300w, https:\/\/www.krampolinka.cz\/wp-content\/uploads\/2018\/10\/v\u00fdstava-KREATIV-Ostrava-10-100x100.jpg 100w\" sizes=\"auto, (max-width: 250px) 100vw, 250px\" \/><\/a>\n\t\t\t<\/dt><\/dl><dl class='gallery-item'>\n\t\t\t<dt class='gallery-icon landscape'>\n\t\t\t\t<a href='https:\/\/www.krampolinka.cz\/wp-content\/uploads\/2018\/10\/v\u00fdstava-KREATIV-Ostrava-11.jpg'><img loading=\"lazy\" decoding=\"async\" width=\"250\" height=\"250\" src=\"https:\/\/www.krampolinka.cz\/wp-content\/uploads\/2018\/10\/v\u00fdstava-KREATIV-Ostrava-11-250x250.jpg\" class=\"attachment-thumbnail size-thumbnail\" alt=\"\" srcset=\"https:\/\/www.krampolinka.cz\/wp-content\/uploads\/2018\/10\/v\u00fdstava-KREATIV-Ostrava-11-250x250.jpg 250w, https:\/\/www.krampolinka.cz\/wp-content\/uploads\/2018\/10\/v\u00fdstava-KREATIV-Ostrava-11-140x140.jpg 140w, https:\/\/www.krampolinka.cz\/wp-content\/uploads\/2018\/10\/v\u00fdstava-KREATIV-Ostrava-11-500x500.jpg 500w, https:\/\/www.krampolinka.cz\/wp-content\/uploads\/2018\/10\/v\u00fdstava-KREATIV-Ostrava-11-180x180.jpg 180w, https:\/\/www.krampolinka.cz\/wp-content\/uploads\/2018\/10\/v\u00fdstava-KREATIV-Ostrava-11-300x300.jpg 300w, https:\/\/www.krampolinka.cz\/wp-content\/uploads\/2018\/10\/v\u00fdstava-KREATIV-Ostrava-11-100x100.jpg 100w\" sizes=\"auto, (max-width: 250px) 100vw, 250px\" \/><\/a>\n\t\t\t<\/dt><\/dl><dl class='gallery-item'>\n\t\t\t<dt class='gallery-icon landscape'>\n\t\t\t\t<a href='https:\/\/www.krampolinka.cz\/wp-content\/uploads\/2018\/10\/v\u00fdstava-KREATIV-Ostrava-12.jpg'><img loading=\"lazy\" decoding=\"async\" width=\"250\" height=\"250\" src=\"https:\/\/www.krampolinka.cz\/wp-content\/uploads\/2018\/10\/v\u00fdstava-KREATIV-Ostrava-12-250x250.jpg\" class=\"attachment-thumbnail size-thumbnail\" alt=\"\" srcset=\"https:\/\/www.krampolinka.cz\/wp-content\/uploads\/2018\/10\/v\u00fdstava-KREATIV-Ostrava-12-250x250.jpg 250w, https:\/\/www.krampolinka.cz\/wp-content\/uploads\/2018\/10\/v\u00fdstava-KREATIV-Ostrava-12-140x140.jpg 140w, https:\/\/www.krampolinka.cz\/wp-content\/uploads\/2018\/10\/v\u00fdstava-KREATIV-Ostrava-12-500x500.jpg 500w, https:\/\/www.krampolinka.cz\/wp-content\/uploads\/2018\/10\/v\u00fdstava-KREATIV-Ostrava-12-180x180.jpg 180w, https:\/\/www.krampolinka.cz\/wp-content\/uploads\/2018\/10\/v\u00fdstava-KREATIV-Ostrava-12-300x300.jpg 300w, https:\/\/www.krampolinka.cz\/wp-content\/uploads\/2018\/10\/v\u00fdstava-KREATIV-Ostrava-12-100x100.jpg 100w\" sizes=\"auto, (max-width: 250px) 100vw, 250px\" \/><\/a>\n\t\t\t<\/dt><\/dl><br style=\"clear: both\" \/><dl class='gallery-item'>\n\t\t\t<dt class='gallery-icon landscape'>\n\t\t\t\t<a href='https:\/\/www.krampolinka.cz\/wp-content\/uploads\/2018\/10\/v\u00fdstava-KREATIV-Ostrava-13.jpg'><img loading=\"lazy\" decoding=\"async\" width=\"250\" height=\"250\" src=\"https:\/\/www.krampolinka.cz\/wp-content\/uploads\/2018\/10\/v\u00fdstava-KREATIV-Ostrava-13-250x250.jpg\" class=\"attachment-thumbnail size-thumbnail\" alt=\"\" srcset=\"https:\/\/www.krampolinka.cz\/wp-content\/uploads\/2018\/10\/v\u00fdstava-KREATIV-Ostrava-13-250x250.jpg 250w, https:\/\/www.krampolinka.cz\/wp-content\/uploads\/2018\/10\/v\u00fdstava-KREATIV-Ostrava-13-140x140.jpg 140w, https:\/\/www.krampolinka.cz\/wp-content\/uploads\/2018\/10\/v\u00fdstava-KREATIV-Ostrava-13-500x500.jpg 500w, https:\/\/www.krampolinka.cz\/wp-content\/uploads\/2018\/10\/v\u00fdstava-KREATIV-Ostrava-13-180x180.jpg 180w, https:\/\/www.krampolinka.cz\/wp-content\/uploads\/2018\/10\/v\u00fdstava-KREATIV-Ostrava-13-300x300.jpg 300w, https:\/\/www.krampolinka.cz\/wp-content\/uploads\/2018\/10\/v\u00fdstava-KREATIV-Ostrava-13-100x100.jpg 100w\" sizes=\"auto, (max-width: 250px) 100vw, 250px\" \/><\/a>\n\t\t\t<\/dt><\/dl><dl class='gallery-item'>\n\t\t\t<dt class='gallery-icon landscape'>\n\t\t\t\t<a href='https:\/\/www.krampolinka.cz\/wp-content\/uploads\/2018\/10\/v\u00fdstava-KREATIV-Ostrava-14.jpg'><img loading=\"lazy\" decoding=\"async\" width=\"250\" height=\"250\" src=\"https:\/\/www.krampolinka.cz\/wp-content\/uploads\/2018\/10\/v\u00fdstava-KREATIV-Ostrava-14-250x250.jpg\" class=\"attachment-thumbnail size-thumbnail\" alt=\"\" srcset=\"https:\/\/www.krampolinka.cz\/wp-content\/uploads\/2018\/10\/v\u00fdstava-KREATIV-Ostrava-14-250x250.jpg 250w, https:\/\/www.krampolinka.cz\/wp-content\/uploads\/2018\/10\/v\u00fdstava-KREATIV-Ostrava-14-140x140.jpg 140w, https:\/\/www.krampolinka.cz\/wp-content\/uploads\/2018\/10\/v\u00fdstava-KREATIV-Ostrava-14-500x500.jpg 500w, https:\/\/www.krampolinka.cz\/wp-content\/uploads\/2018\/10\/v\u00fdstava-KREATIV-Ostrava-14-180x180.jpg 180w, https:\/\/www.krampolinka.cz\/wp-content\/uploads\/2018\/10\/v\u00fdstava-KREATIV-Ostrava-14-300x300.jpg 300w, https:\/\/www.krampolinka.cz\/wp-content\/uploads\/2018\/10\/v\u00fdstava-KREATIV-Ostrava-14-100x100.jpg 100w\" sizes=\"auto, (max-width: 250px) 100vw, 250px\" \/><\/a>\n\t\t\t<\/dt><\/dl><dl class='gallery-item'>\n\t\t\t<dt class='gallery-icon landscape'>\n\t\t\t\t<a href='https:\/\/www.krampolinka.cz\/wp-content\/uploads\/2018\/10\/v\u00fdstava-KREATIV-Ostrava-15.jpg'><img loading=\"lazy\" decoding=\"async\" width=\"250\" height=\"250\" src=\"https:\/\/www.krampolinka.cz\/wp-content\/uploads\/2018\/10\/v\u00fdstava-KREATIV-Ostrava-15-250x250.jpg\" class=\"attachment-thumbnail size-thumbnail\" alt=\"\" srcset=\"https:\/\/www.krampolinka.cz\/wp-content\/uploads\/2018\/10\/v\u00fdstava-KREATIV-Ostrava-15-250x250.jpg 250w, https:\/\/www.krampolinka.cz\/wp-content\/uploads\/2018\/10\/v\u00fdstava-KREATIV-Ostrava-15-140x140.jpg 140w, https:\/\/www.krampolinka.cz\/wp-content\/uploads\/2018\/10\/v\u00fdstava-KREATIV-Ostrava-15-500x500.jpg 500w, https:\/\/www.krampolinka.cz\/wp-content\/uploads\/2018\/10\/v\u00fdstava-KREATIV-Ostrava-15-180x180.jpg 180w, https:\/\/www.krampolinka.cz\/wp-content\/uploads\/2018\/10\/v\u00fdstava-KREATIV-Ostrava-15-300x300.jpg 300w, https:\/\/www.krampolinka.cz\/wp-content\/uploads\/2018\/10\/v\u00fdstava-KREATIV-Ostrava-15-100x100.jpg 100w\" sizes=\"auto, (max-width: 250px) 100vw, 250px\" \/><\/a>\n\t\t\t<\/dt><\/dl><dl class='gallery-item'>\n\t\t\t<dt class='gallery-icon landscape'>\n\t\t\t\t<a href='https:\/\/www.krampolinka.cz\/wp-content\/uploads\/2018\/10\/v\u00fdstava-KREATIV-Ostrava-16.jpg'><img loading=\"lazy\" decoding=\"async\" width=\"250\" height=\"250\" src=\"https:\/\/www.krampolinka.cz\/wp-content\/uploads\/2018\/10\/v\u00fdstava-KREATIV-Ostrava-16-250x250.jpg\" class=\"attachment-thumbnail size-thumbnail\" alt=\"\" srcset=\"https:\/\/www.krampolinka.cz\/wp-content\/uploads\/2018\/10\/v\u00fdstava-KREATIV-Ostrava-16-250x250.jpg 250w, https:\/\/www.krampolinka.cz\/wp-content\/uploads\/2018\/10\/v\u00fdstava-KREATIV-Ostrava-16-140x140.jpg 140w, https:\/\/www.krampolinka.cz\/wp-content\/uploads\/2018\/10\/v\u00fdstava-KREATIV-Ostrava-16-500x500.jpg 500w, https:\/\/www.krampolinka.cz\/wp-content\/uploads\/2018\/10\/v\u00fdstava-KREATIV-Ostrava-16-180x180.jpg 180w, https:\/\/www.krampolinka.cz\/wp-content\/uploads\/2018\/10\/v\u00fdstava-KREATIV-Ostrava-16-300x300.jpg 300w, https:\/\/www.krampolinka.cz\/wp-content\/uploads\/2018\/10\/v\u00fdstava-KREATIV-Ostrava-16-100x100.jpg 100w\" sizes=\"auto, (max-width: 250px) 100vw, 250px\" \/><\/a>\n\t\t\t<\/dt><\/dl><dl class='gallery-item'>\n\t\t\t<dt class='gallery-icon landscape'>\n\t\t\t\t<a href='https:\/\/www.krampolinka.cz\/wp-content\/uploads\/2018\/10\/v\u00fdstava-KREATIV-Ostrava-17.jpg'><img loading=\"lazy\" decoding=\"async\" width=\"250\" height=\"250\" src=\"https:\/\/www.krampolinka.cz\/wp-content\/uploads\/2018\/10\/v\u00fdstava-KREATIV-Ostrava-17-250x250.jpg\" class=\"attachment-thumbnail size-thumbnail\" alt=\"\" aria-describedby=\"gallery-1-4908\" srcset=\"https:\/\/www.krampolinka.cz\/wp-content\/uploads\/2018\/10\/v\u00fdstava-KREATIV-Ostrava-17-250x250.jpg 250w, https:\/\/www.krampolinka.cz\/wp-content\/uploads\/2018\/10\/v\u00fdstava-KREATIV-Ostrava-17-140x140.jpg 140w, https:\/\/www.krampolinka.cz\/wp-content\/uploads\/2018\/10\/v\u00fdstava-KREATIV-Ostrava-17-500x500.jpg 500w, https:\/\/www.krampolinka.cz\/wp-content\/uploads\/2018\/10\/v\u00fdstava-KREATIV-Ostrava-17-180x180.jpg 180w, https:\/\/www.krampolinka.cz\/wp-content\/uploads\/2018\/10\/v\u00fdstava-KREATIV-Ostrava-17-300x300.jpg 300w, https:\/\/www.krampolinka.cz\/wp-content\/uploads\/2018\/10\/v\u00fdstava-KREATIV-Ostrava-17-100x100.jpg 100w\" sizes=\"auto, (max-width: 250px) 100vw, 250px\" \/><\/a>\n\t\t\t<\/dt>\n\t\t\t\t<dd class='wp-caption-text gallery-caption' id='gallery-1-4908'>\n\t\t\t\tFoto archiv po\u0159adatele Kreativ Podzim 2018\n\t\t\t\t<\/dd><\/dl><br style=\"clear: both\" \/><dl class='gallery-item'>\n\t\t\t<dt class='gallery-icon landscape'>\n\t\t\t\t<a href='https:\/\/www.krampolinka.cz\/wp-content\/uploads\/2018\/10\/v\u00fdstava-KREATIV-Ostrava-18.jpg'><img loading=\"lazy\" decoding=\"async\" width=\"250\" height=\"250\" src=\"https:\/\/www.krampolinka.cz\/wp-content\/uploads\/2018\/10\/v\u00fdstava-KREATIV-Ostrava-18-250x250.jpg\" class=\"attachment-thumbnail size-thumbnail\" alt=\"\" srcset=\"https:\/\/www.krampolinka.cz\/wp-content\/uploads\/2018\/10\/v\u00fdstava-KREATIV-Ostrava-18-250x250.jpg 250w, https:\/\/www.krampolinka.cz\/wp-content\/uploads\/2018\/10\/v\u00fdstava-KREATIV-Ostrava-18-140x140.jpg 140w, https:\/\/www.krampolinka.cz\/wp-content\/uploads\/2018\/10\/v\u00fdstava-KREATIV-Ostrava-18-500x500.jpg 500w, https:\/\/www.krampolinka.cz\/wp-content\/uploads\/2018\/10\/v\u00fdstava-KREATIV-Ostrava-18-180x180.jpg 180w, https:\/\/www.krampolinka.cz\/wp-content\/uploads\/2018\/10\/v\u00fdstava-KREATIV-Ostrava-18-300x300.jpg 300w, https:\/\/www.krampolinka.cz\/wp-content\/uploads\/2018\/10\/v\u00fdstava-KREATIV-Ostrava-18-100x100.jpg 100w\" sizes=\"auto, (max-width: 250px) 100vw, 250px\" \/><\/a>\n\t\t\t<\/dt><\/dl><dl class='gallery-item'>\n\t\t\t<dt class='gallery-icon landscape'>\n\t\t\t\t<a href='https:\/\/www.krampolinka.cz\/wp-content\/uploads\/2018\/10\/v\u00fdstava-KREATIV-Ostrava-19.jpg'><img loading=\"lazy\" decoding=\"async\" width=\"250\" height=\"250\" src=\"https:\/\/www.krampolinka.cz\/wp-content\/uploads\/2018\/10\/v\u00fdstava-KREATIV-Ostrava-19-250x250.jpg\" class=\"attachment-thumbnail size-thumbnail\" alt=\"\" srcset=\"https:\/\/www.krampolinka.cz\/wp-content\/uploads\/2018\/10\/v\u00fdstava-KREATIV-Ostrava-19-250x250.jpg 250w, https:\/\/www.krampolinka.cz\/wp-content\/uploads\/2018\/10\/v\u00fdstava-KREATIV-Ostrava-19-140x140.jpg 140w, https:\/\/www.krampolinka.cz\/wp-content\/uploads\/2018\/10\/v\u00fdstava-KREATIV-Ostrava-19-500x500.jpg 500w, https:\/\/www.krampolinka.cz\/wp-content\/uploads\/2018\/10\/v\u00fdstava-KREATIV-Ostrava-19-180x180.jpg 180w, https:\/\/www.krampolinka.cz\/wp-content\/uploads\/2018\/10\/v\u00fdstava-KREATIV-Ostrava-19-300x300.jpg 300w, https:\/\/www.krampolinka.cz\/wp-content\/uploads\/2018\/10\/v\u00fdstava-KREATIV-Ostrava-19-100x100.jpg 100w\" sizes=\"auto, (max-width: 250px) 100vw, 250px\" \/><\/a>\n\t\t\t<\/dt><\/dl><dl class='gallery-item'>\n\t\t\t<dt class='gallery-icon landscape'>\n\t\t\t\t<a href='https:\/\/www.krampolinka.cz\/wp-content\/uploads\/2018\/10\/v\u00fdstava-KREATIV-Ostrava-20.jpg'><img loading=\"lazy\" decoding=\"async\" width=\"250\" height=\"250\" src=\"https:\/\/www.krampolinka.cz\/wp-content\/uploads\/2018\/10\/v\u00fdstava-KREATIV-Ostrava-20-250x250.jpg\" class=\"attachment-thumbnail size-thumbnail\" alt=\"\" srcset=\"https:\/\/www.krampolinka.cz\/wp-content\/uploads\/2018\/10\/v\u00fdstava-KREATIV-Ostrava-20-250x250.jpg 250w, https:\/\/www.krampolinka.cz\/wp-content\/uploads\/2018\/10\/v\u00fdstava-KREATIV-Ostrava-20-140x140.jpg 140w, https:\/\/www.krampolinka.cz\/wp-content\/uploads\/2018\/10\/v\u00fdstava-KREATIV-Ostrava-20-500x500.jpg 500w, https:\/\/www.krampolinka.cz\/wp-content\/uploads\/2018\/10\/v\u00fdstava-KREATIV-Ostrava-20-180x180.jpg 180w, https:\/\/www.krampolinka.cz\/wp-content\/uploads\/2018\/10\/v\u00fdstava-KREATIV-Ostrava-20-300x300.jpg 300w, https:\/\/www.krampolinka.cz\/wp-content\/uploads\/2018\/10\/v\u00fdstava-KREATIV-Ostrava-20-100x100.jpg 100w\" sizes=\"auto, (max-width: 250px) 100vw, 250px\" \/><\/a>\n\t\t\t<\/dt><\/dl><dl class='gallery-item'>\n\t\t\t<dt class='gallery-icon landscape'>\n\t\t\t\t<a href='https:\/\/www.krampolinka.cz\/wp-content\/uploads\/2018\/10\/v\u00fdstava-KREATIV-Ostrava-21.jpg'><img loading=\"lazy\" decoding=\"async\" width=\"250\" height=\"250\" src=\"https:\/\/www.krampolinka.cz\/wp-content\/uploads\/2018\/10\/v\u00fdstava-KREATIV-Ostrava-21-250x250.jpg\" class=\"attachment-thumbnail size-thumbnail\" alt=\"\" srcset=\"https:\/\/www.krampolinka.cz\/wp-content\/uploads\/2018\/10\/v\u00fdstava-KREATIV-Ostrava-21-250x250.jpg 250w, https:\/\/www.krampolinka.cz\/wp-content\/uploads\/2018\/10\/v\u00fdstava-KREATIV-Ostrava-21-140x140.jpg 140w, https:\/\/www.krampolinka.cz\/wp-content\/uploads\/2018\/10\/v\u00fdstava-KREATIV-Ostrava-21-500x500.jpg 500w, https:\/\/www.krampolinka.cz\/wp-content\/uploads\/2018\/10\/v\u00fdstava-KREATIV-Ostrava-21-180x180.jpg 180w, https:\/\/www.krampolinka.cz\/wp-content\/uploads\/2018\/10\/v\u00fdstava-KREATIV-Ostrava-21-300x300.jpg 300w, https:\/\/www.krampolinka.cz\/wp-content\/uploads\/2018\/10\/v\u00fdstava-KREATIV-Ostrava-21-100x100.jpg 100w\" sizes=\"auto, (max-width: 250px) 100vw, 250px\" \/><\/a>\n\t\t\t<\/dt><\/dl><dl class='gallery-item'>\n\t\t\t<dt class='gallery-icon landscape'>\n\t\t\t\t<a href='https:\/\/www.krampolinka.cz\/wp-content\/uploads\/2018\/10\/v\u00fdstava-KREATIV-Ostrava-22.jpg'><img loading=\"lazy\" decoding=\"async\" width=\"250\" height=\"250\" src=\"https:\/\/www.krampolinka.cz\/wp-content\/uploads\/2018\/10\/v\u00fdstava-KREATIV-Ostrava-22-250x250.jpg\" class=\"attachment-thumbnail size-thumbnail\" alt=\"\" aria-describedby=\"gallery-1-4913\" srcset=\"https:\/\/www.krampolinka.cz\/wp-content\/uploads\/2018\/10\/v\u00fdstava-KREATIV-Ostrava-22-250x250.jpg 250w, https:\/\/www.krampolinka.cz\/wp-content\/uploads\/2018\/10\/v\u00fdstava-KREATIV-Ostrava-22-140x140.jpg 140w, https:\/\/www.krampolinka.cz\/wp-content\/uploads\/2018\/10\/v\u00fdstava-KREATIV-Ostrava-22-500x500.jpg 500w, https:\/\/www.krampolinka.cz\/wp-content\/uploads\/2018\/10\/v\u00fdstava-KREATIV-Ostrava-22-180x180.jpg 180w, https:\/\/www.krampolinka.cz\/wp-content\/uploads\/2018\/10\/v\u00fdstava-KREATIV-Ostrava-22-300x300.jpg 300w, https:\/\/www.krampolinka.cz\/wp-content\/uploads\/2018\/10\/v\u00fdstava-KREATIV-Ostrava-22-100x100.jpg 100w\" sizes=\"auto, (max-width: 250px) 100vw, 250px\" \/><\/a>\n\t\t\t<\/dt>\n\t\t\t\t<dd class='wp-caption-text gallery-caption' id='gallery-1-4913'>\n\t\t\t\tFoto archiv po\u0159adatele Kreativ Podzim 2018\n\t\t\t\t<\/dd><\/dl><br style=\"clear: both\" \/><dl class='gallery-item'>\n\t\t\t<dt class='gallery-icon landscape'>\n\t\t\t\t<a href='https:\/\/www.krampolinka.cz\/wp-content\/uploads\/2018\/10\/v\u00fdstava-KREATIV-Ostrava-23.jpg'><img loading=\"lazy\" decoding=\"async\" width=\"250\" height=\"250\" src=\"https:\/\/www.krampolinka.cz\/wp-content\/uploads\/2018\/10\/v\u00fdstava-KREATIV-Ostrava-23-250x250.jpg\" class=\"attachment-thumbnail size-thumbnail\" alt=\"\" srcset=\"https:\/\/www.krampolinka.cz\/wp-content\/uploads\/2018\/10\/v\u00fdstava-KREATIV-Ostrava-23-250x250.jpg 250w, https:\/\/www.krampolinka.cz\/wp-content\/uploads\/2018\/10\/v\u00fdstava-KREATIV-Ostrava-23-360x360.jpg 360w, https:\/\/www.krampolinka.cz\/wp-content\/uploads\/2018\/10\/v\u00fdstava-KREATIV-Ostrava-23-768x768.jpg 768w, https:\/\/www.krampolinka.cz\/wp-content\/uploads\/2018\/10\/v\u00fdstava-KREATIV-Ostrava-23-140x140.jpg 140w, https:\/\/www.krampolinka.cz\/wp-content\/uploads\/2018\/10\/v\u00fdstava-KREATIV-Ostrava-23-500x500.jpg 500w, https:\/\/www.krampolinka.cz\/wp-content\/uploads\/2018\/10\/v\u00fdstava-KREATIV-Ostrava-23-720x720.jpg 720w, https:\/\/www.krampolinka.cz\/wp-content\/uploads\/2018\/10\/v\u00fdstava-KREATIV-Ostrava-23-180x180.jpg 180w, https:\/\/www.krampolinka.cz\/wp-content\/uploads\/2018\/10\/v\u00fdstava-KREATIV-Ostrava-23-300x300.jpg 300w, https:\/\/www.krampolinka.cz\/wp-content\/uploads\/2018\/10\/v\u00fdstava-KREATIV-Ostrava-23-600x600.jpg 600w, https:\/\/www.krampolinka.cz\/wp-content\/uploads\/2018\/10\/v\u00fdstava-KREATIV-Ostrava-23-100x100.jpg 100w, https:\/\/www.krampolinka.cz\/wp-content\/uploads\/2018\/10\/v\u00fdstava-KREATIV-Ostrava-23.jpg 1000w\" sizes=\"auto, (max-width: 250px) 100vw, 250px\" \/><\/a>\n\t\t\t<\/dt><\/dl><dl class='gallery-item'>\n\t\t\t<dt class='gallery-icon landscape'>\n\t\t\t\t<a href='https:\/\/www.krampolinka.cz\/wp-content\/uploads\/2018\/10\/v\u00fdstava-KREATIV-Ostrava-24.jpg'><img loading=\"lazy\" decoding=\"async\" width=\"250\" height=\"250\" src=\"https:\/\/www.krampolinka.cz\/wp-content\/uploads\/2018\/10\/v\u00fdstava-KREATIV-Ostrava-24-250x250.jpg\" class=\"attachment-thumbnail size-thumbnail\" alt=\"\" aria-describedby=\"gallery-1-4915\" srcset=\"https:\/\/www.krampolinka.cz\/wp-content\/uploads\/2018\/10\/v\u00fdstava-KREATIV-Ostrava-24-250x250.jpg 250w, https:\/\/www.krampolinka.cz\/wp-content\/uploads\/2018\/10\/v\u00fdstava-KREATIV-Ostrava-24-140x140.jpg 140w, https:\/\/www.krampolinka.cz\/wp-content\/uploads\/2018\/10\/v\u00fdstava-KREATIV-Ostrava-24-500x500.jpg 500w, https:\/\/www.krampolinka.cz\/wp-content\/uploads\/2018\/10\/v\u00fdstava-KREATIV-Ostrava-24-180x180.jpg 180w, https:\/\/www.krampolinka.cz\/wp-content\/uploads\/2018\/10\/v\u00fdstava-KREATIV-Ostrava-24-300x300.jpg 300w, https:\/\/www.krampolinka.cz\/wp-content\/uploads\/2018\/10\/v\u00fdstava-KREATIV-Ostrava-24-100x100.jpg 100w\" sizes=\"auto, (max-width: 250px) 100vw, 250px\" \/><\/a>\n\t\t\t<\/dt>\n\t\t\t\t<dd class='wp-caption-text gallery-caption' id='gallery-1-4915'>\n\t\t\t\tFoto archiv po\u0159adatele Kreativ Podzim 2018\n\t\t\t\t<\/dd><\/dl><dl class='gallery-item'>\n\t\t\t<dt class='gallery-icon landscape'>\n\t\t\t\t<a href='https:\/\/www.krampolinka.cz\/wp-content\/uploads\/2018\/10\/v\u00fdstava-KREATIV-Ostrava-25.jpg'><img loading=\"lazy\" decoding=\"async\" width=\"250\" height=\"250\" src=\"https:\/\/www.krampolinka.cz\/wp-content\/uploads\/2018\/10\/v\u00fdstava-KREATIV-Ostrava-25-250x250.jpg\" class=\"attachment-thumbnail size-thumbnail\" alt=\"\" srcset=\"https:\/\/www.krampolinka.cz\/wp-content\/uploads\/2018\/10\/v\u00fdstava-KREATIV-Ostrava-25-250x250.jpg 250w, https:\/\/www.krampolinka.cz\/wp-content\/uploads\/2018\/10\/v\u00fdstava-KREATIV-Ostrava-25-140x140.jpg 140w, https:\/\/www.krampolinka.cz\/wp-content\/uploads\/2018\/10\/v\u00fdstava-KREATIV-Ostrava-25-500x500.jpg 500w, https:\/\/www.krampolinka.cz\/wp-content\/uploads\/2018\/10\/v\u00fdstava-KREATIV-Ostrava-25-180x180.jpg 180w, https:\/\/www.krampolinka.cz\/wp-content\/uploads\/2018\/10\/v\u00fdstava-KREATIV-Ostrava-25-300x300.jpg 300w, https:\/\/www.krampolinka.cz\/wp-content\/uploads\/2018\/10\/v\u00fdstava-KREATIV-Ostrava-25-100x100.jpg 100w\" sizes=\"auto, (max-width: 250px) 100vw, 250px\" \/><\/a>\n\t\t\t<\/dt><\/dl><dl class='gallery-item'>\n\t\t\t<dt class='gallery-icon landscape'>\n\t\t\t\t<a href='https:\/\/www.krampolinka.cz\/wp-content\/uploads\/2018\/10\/v\u00fdstava-KREATIV-Ostrava-26.jpg'><img loading=\"lazy\" decoding=\"async\" width=\"250\" height=\"250\" src=\"https:\/\/www.krampolinka.cz\/wp-content\/uploads\/2018\/10\/v\u00fdstava-KREATIV-Ostrava-26-250x250.jpg\" class=\"attachment-thumbnail size-thumbnail\" alt=\"\" srcset=\"https:\/\/www.krampolinka.cz\/wp-content\/uploads\/2018\/10\/v\u00fdstava-KREATIV-Ostrava-26-250x250.jpg 250w, https:\/\/www.krampolinka.cz\/wp-content\/uploads\/2018\/10\/v\u00fdstava-KREATIV-Ostrava-26-140x140.jpg 140w, https:\/\/www.krampolinka.cz\/wp-content\/uploads\/2018\/10\/v\u00fdstava-KREATIV-Ostrava-26-500x500.jpg 500w, https:\/\/www.krampolinka.cz\/wp-content\/uploads\/2018\/10\/v\u00fdstava-KREATIV-Ostrava-26-180x180.jpg 180w, https:\/\/www.krampolinka.cz\/wp-content\/uploads\/2018\/10\/v\u00fdstava-KREATIV-Ostrava-26-300x300.jpg 300w, https:\/\/www.krampolinka.cz\/wp-content\/uploads\/2018\/10\/v\u00fdstava-KREATIV-Ostrava-26-100x100.jpg 100w\" sizes=\"auto, (max-width: 250px) 100vw, 250px\" \/><\/a>\n\t\t\t<\/dt><\/dl><dl class='gallery-item'>\n\t\t\t<dt class='gallery-icon landscape'>\n\t\t\t\t<a href='https:\/\/www.krampolinka.cz\/wp-content\/uploads\/2018\/10\/v\u00fdstava-KREATIV-Ostrava-27.jpg'><img loading=\"lazy\" decoding=\"async\" width=\"250\" height=\"250\" src=\"https:\/\/www.krampolinka.cz\/wp-content\/uploads\/2018\/10\/v\u00fdstava-KREATIV-Ostrava-27-250x250.jpg\" class=\"attachment-thumbnail size-thumbnail\" alt=\"\" srcset=\"https:\/\/www.krampolinka.cz\/wp-content\/uploads\/2018\/10\/v\u00fdstava-KREATIV-Ostrava-27-250x250.jpg 250w, https:\/\/www.krampolinka.cz\/wp-content\/uploads\/2018\/10\/v\u00fdstava-KREATIV-Ostrava-27-140x140.jpg 140w, https:\/\/www.krampolinka.cz\/wp-content\/uploads\/2018\/10\/v\u00fdstava-KREATIV-Ostrava-27-500x500.jpg 500w, https:\/\/www.krampolinka.cz\/wp-content\/uploads\/2018\/10\/v\u00fdstava-KREATIV-Ostrava-27-180x180.jpg 180w, https:\/\/www.krampolinka.cz\/wp-content\/uploads\/2018\/10\/v\u00fdstava-KREATIV-Ostrava-27-300x300.jpg 300w, https:\/\/www.krampolinka.cz\/wp-content\/uploads\/2018\/10\/v\u00fdstava-KREATIV-Ostrava-27-100x100.jpg 100w\" sizes=\"auto, (max-width: 250px) 100vw, 250px\" \/><\/a>\n\t\t\t<\/dt><\/dl><br style=\"clear: both\" \/><dl class='gallery-item'>\n\t\t\t<dt class='gallery-icon landscape'>\n\t\t\t\t<a href='https:\/\/www.krampolinka.cz\/wp-content\/uploads\/2018\/10\/v\u00fdstava-KREATIV-Ostrava-28.jpg'><img loading=\"lazy\" decoding=\"async\" width=\"250\" height=\"250\" src=\"https:\/\/www.krampolinka.cz\/wp-content\/uploads\/2018\/10\/v\u00fdstava-KREATIV-Ostrava-28-250x250.jpg\" class=\"attachment-thumbnail size-thumbnail\" alt=\"\" srcset=\"https:\/\/www.krampolinka.cz\/wp-content\/uploads\/2018\/10\/v\u00fdstava-KREATIV-Ostrava-28-250x250.jpg 250w, https:\/\/www.krampolinka.cz\/wp-content\/uploads\/2018\/10\/v\u00fdstava-KREATIV-Ostrava-28-140x140.jpg 140w, https:\/\/www.krampolinka.cz\/wp-content\/uploads\/2018\/10\/v\u00fdstava-KREATIV-Ostrava-28-500x500.jpg 500w, https:\/\/www.krampolinka.cz\/wp-content\/uploads\/2018\/10\/v\u00fdstava-KREATIV-Ostrava-28-180x180.jpg 180w, https:\/\/www.krampolinka.cz\/wp-content\/uploads\/2018\/10\/v\u00fdstava-KREATIV-Ostrava-28-300x300.jpg 300w, https:\/\/www.krampolinka.cz\/wp-content\/uploads\/2018\/10\/v\u00fdstava-KREATIV-Ostrava-28-100x100.jpg 100w\" sizes=\"auto, (max-width: 250px) 100vw, 250px\" \/><\/a>\n\t\t\t<\/dt><\/dl><dl class='gallery-item'>\n\t\t\t<dt class='gallery-icon landscape'>\n\t\t\t\t<a href='https:\/\/www.krampolinka.cz\/wp-content\/uploads\/2018\/10\/v\u00fdstava-KREATIV-Ostrava-29.jpg'><img loading=\"lazy\" decoding=\"async\" width=\"250\" height=\"250\" src=\"https:\/\/www.krampolinka.cz\/wp-content\/uploads\/2018\/10\/v\u00fdstava-KREATIV-Ostrava-29-250x250.jpg\" class=\"attachment-thumbnail size-thumbnail\" alt=\"\" srcset=\"https:\/\/www.krampolinka.cz\/wp-content\/uploads\/2018\/10\/v\u00fdstava-KREATIV-Ostrava-29-250x250.jpg 250w, https:\/\/www.krampolinka.cz\/wp-content\/uploads\/2018\/10\/v\u00fdstava-KREATIV-Ostrava-29-140x140.jpg 140w, https:\/\/www.krampolinka.cz\/wp-content\/uploads\/2018\/10\/v\u00fdstava-KREATIV-Ostrava-29-500x500.jpg 500w, https:\/\/www.krampolinka.cz\/wp-content\/uploads\/2018\/10\/v\u00fdstava-KREATIV-Ostrava-29-180x180.jpg 180w, https:\/\/www.krampolinka.cz\/wp-content\/uploads\/2018\/10\/v\u00fdstava-KREATIV-Ostrava-29-300x300.jpg 300w, https:\/\/www.krampolinka.cz\/wp-content\/uploads\/2018\/10\/v\u00fdstava-KREATIV-Ostrava-29-100x100.jpg 100w\" sizes=\"auto, (max-width: 250px) 100vw, 250px\" \/><\/a>\n\t\t\t<\/dt><\/dl><dl class='gallery-item'>\n\t\t\t<dt class='gallery-icon landscape'>\n\t\t\t\t<a href='https:\/\/www.krampolinka.cz\/wp-content\/uploads\/2018\/10\/v\u00fdstava-KREATIV-Ostrava-30.jpg'><img loading=\"lazy\" decoding=\"async\" width=\"250\" height=\"250\" src=\"https:\/\/www.krampolinka.cz\/wp-content\/uploads\/2018\/10\/v\u00fdstava-KREATIV-Ostrava-30-250x250.jpg\" class=\"attachment-thumbnail size-thumbnail\" alt=\"\" srcset=\"https:\/\/www.krampolinka.cz\/wp-content\/uploads\/2018\/10\/v\u00fdstava-KREATIV-Ostrava-30-250x250.jpg 250w, https:\/\/www.krampolinka.cz\/wp-content\/uploads\/2018\/10\/v\u00fdstava-KREATIV-Ostrava-30-140x140.jpg 140w, https:\/\/www.krampolinka.cz\/wp-content\/uploads\/2018\/10\/v\u00fdstava-KREATIV-Ostrava-30-500x500.jpg 500w, https:\/\/www.krampolinka.cz\/wp-content\/uploads\/2018\/10\/v\u00fdstava-KREATIV-Ostrava-30-180x180.jpg 180w, https:\/\/www.krampolinka.cz\/wp-content\/uploads\/2018\/10\/v\u00fdstava-KREATIV-Ostrava-30-300x300.jpg 300w, https:\/\/www.krampolinka.cz\/wp-content\/uploads\/2018\/10\/v\u00fdstava-KREATIV-Ostrava-30-100x100.jpg 100w\" sizes=\"auto, (max-width: 250px) 100vw, 250px\" \/><\/a>\n\t\t\t<\/dt><\/dl><dl class='gallery-item'>\n\t\t\t<dt class='gallery-icon landscape'>\n\t\t\t\t<a href='https:\/\/www.krampolinka.cz\/wp-content\/uploads\/2018\/10\/v\u00fdstava-KREATIV-Ostrava-31.jpg'><img loading=\"lazy\" decoding=\"async\" width=\"250\" height=\"250\" src=\"https:\/\/www.krampolinka.cz\/wp-content\/uploads\/2018\/10\/v\u00fdstava-KREATIV-Ostrava-31-250x250.jpg\" class=\"attachment-thumbnail size-thumbnail\" alt=\"\" srcset=\"https:\/\/www.krampolinka.cz\/wp-content\/uploads\/2018\/10\/v\u00fdstava-KREATIV-Ostrava-31-250x250.jpg 250w, https:\/\/www.krampolinka.cz\/wp-content\/uploads\/2018\/10\/v\u00fdstava-KREATIV-Ostrava-31-140x140.jpg 140w, https:\/\/www.krampolinka.cz\/wp-content\/uploads\/2018\/10\/v\u00fdstava-KREATIV-Ostrava-31-500x500.jpg 500w, https:\/\/www.krampolinka.cz\/wp-content\/uploads\/2018\/10\/v\u00fdstava-KREATIV-Ostrava-31-180x180.jpg 180w, https:\/\/www.krampolinka.cz\/wp-content\/uploads\/2018\/10\/v\u00fdstava-KREATIV-Ostrava-31-300x300.jpg 300w, https:\/\/www.krampolinka.cz\/wp-content\/uploads\/2018\/10\/v\u00fdstava-KREATIV-Ostrava-31-100x100.jpg 100w\" sizes=\"auto, (max-width: 250px) 100vw, 250px\" \/><\/a>\n\t\t\t<\/dt><\/dl><dl class='gallery-item'>\n\t\t\t<dt class='gallery-icon landscape'>\n\t\t\t\t<a href='https:\/\/www.krampolinka.cz\/wp-content\/uploads\/2018\/10\/v\u00fdstava-KREATIV-Ostrava-32.jpg'><img loading=\"lazy\" decoding=\"async\" width=\"250\" height=\"250\" src=\"https:\/\/www.krampolinka.cz\/wp-content\/uploads\/2018\/10\/v\u00fdstava-KREATIV-Ostrava-32-250x250.jpg\" class=\"attachment-thumbnail size-thumbnail\" alt=\"\" srcset=\"https:\/\/www.krampolinka.cz\/wp-content\/uploads\/2018\/10\/v\u00fdstava-KREATIV-Ostrava-32-250x250.jpg 250w, https:\/\/www.krampolinka.cz\/wp-content\/uploads\/2018\/10\/v\u00fdstava-KREATIV-Ostrava-32-140x140.jpg 140w, https:\/\/www.krampolinka.cz\/wp-content\/uploads\/2018\/10\/v\u00fdstava-KREATIV-Ostrava-32-500x500.jpg 500w, https:\/\/www.krampolinka.cz\/wp-content\/uploads\/2018\/10\/v\u00fdstava-KREATIV-Ostrava-32-180x180.jpg 180w, https:\/\/www.krampolinka.cz\/wp-content\/uploads\/2018\/10\/v\u00fdstava-KREATIV-Ostrava-32-300x300.jpg 300w, https:\/\/www.krampolinka.cz\/wp-content\/uploads\/2018\/10\/v\u00fdstava-KREATIV-Ostrava-32-100x100.jpg 100w\" sizes=\"auto, (max-width: 250px) 100vw, 250px\" \/><\/a>\n\t\t\t<\/dt><\/dl><br style=\"clear: both\" \/><dl class='gallery-item'>\n\t\t\t<dt class='gallery-icon landscape'>\n\t\t\t\t<a href='https:\/\/www.krampolinka.cz\/wp-content\/uploads\/2018\/10\/v\u00fdstava-KREATIV-Ostrava-33.jpg'><img loading=\"lazy\" decoding=\"async\" width=\"250\" height=\"250\" src=\"https:\/\/www.krampolinka.cz\/wp-content\/uploads\/2018\/10\/v\u00fdstava-KREATIV-Ostrava-33-250x250.jpg\" class=\"attachment-thumbnail size-thumbnail\" alt=\"\" srcset=\"https:\/\/www.krampolinka.cz\/wp-content\/uploads\/2018\/10\/v\u00fdstava-KREATIV-Ostrava-33-250x250.jpg 250w, https:\/\/www.krampolinka.cz\/wp-content\/uploads\/2018\/10\/v\u00fdstava-KREATIV-Ostrava-33-140x140.jpg 140w, https:\/\/www.krampolinka.cz\/wp-content\/uploads\/2018\/10\/v\u00fdstava-KREATIV-Ostrava-33-500x500.jpg 500w, https:\/\/www.krampolinka.cz\/wp-content\/uploads\/2018\/10\/v\u00fdstava-KREATIV-Ostrava-33-180x180.jpg 180w, https:\/\/www.krampolinka.cz\/wp-content\/uploads\/2018\/10\/v\u00fdstava-KREATIV-Ostrava-33-300x300.jpg 300w, https:\/\/www.krampolinka.cz\/wp-content\/uploads\/2018\/10\/v\u00fdstava-KREATIV-Ostrava-33-100x100.jpg 100w\" sizes=\"auto, (max-width: 250px) 100vw, 250px\" \/><\/a>\n\t\t\t<\/dt><\/dl><dl class='gallery-item'>\n\t\t\t<dt class='gallery-icon landscape'>\n\t\t\t\t<a href='https:\/\/www.krampolinka.cz\/wp-content\/uploads\/2018\/10\/v\u00fdstava-KREATIV-Ostrava-34.jpg'><img loading=\"lazy\" decoding=\"async\" width=\"250\" height=\"250\" src=\"https:\/\/www.krampolinka.cz\/wp-content\/uploads\/2018\/10\/v\u00fdstava-KREATIV-Ostrava-34-250x250.jpg\" class=\"attachment-thumbnail size-thumbnail\" alt=\"\" srcset=\"https:\/\/www.krampolinka.cz\/wp-content\/uploads\/2018\/10\/v\u00fdstava-KREATIV-Ostrava-34-250x250.jpg 250w, https:\/\/www.krampolinka.cz\/wp-content\/uploads\/2018\/10\/v\u00fdstava-KREATIV-Ostrava-34-140x140.jpg 140w, https:\/\/www.krampolinka.cz\/wp-content\/uploads\/2018\/10\/v\u00fdstava-KREATIV-Ostrava-34-500x500.jpg 500w, https:\/\/www.krampolinka.cz\/wp-content\/uploads\/2018\/10\/v\u00fdstava-KREATIV-Ostrava-34-180x180.jpg 180w, https:\/\/www.krampolinka.cz\/wp-content\/uploads\/2018\/10\/v\u00fdstava-KREATIV-Ostrava-34-300x300.jpg 300w, https:\/\/www.krampolinka.cz\/wp-content\/uploads\/2018\/10\/v\u00fdstava-KREATIV-Ostrava-34-100x100.jpg 100w\" sizes=\"auto, (max-width: 250px) 100vw, 250px\" \/><\/a>\n\t\t\t<\/dt><\/dl><dl class='gallery-item'>\n\t\t\t<dt class='gallery-icon landscape'>\n\t\t\t\t<a href='https:\/\/www.krampolinka.cz\/wp-content\/uploads\/2018\/10\/v\u00fdstava-KREATIV-Ostrava-35.jpg'><img loading=\"lazy\" decoding=\"async\" width=\"250\" height=\"250\" src=\"https:\/\/www.krampolinka.cz\/wp-content\/uploads\/2018\/10\/v\u00fdstava-KREATIV-Ostrava-35-250x250.jpg\" class=\"attachment-thumbnail size-thumbnail\" alt=\"\" srcset=\"https:\/\/www.krampolinka.cz\/wp-content\/uploads\/2018\/10\/v\u00fdstava-KREATIV-Ostrava-35-250x250.jpg 250w, https:\/\/www.krampolinka.cz\/wp-content\/uploads\/2018\/10\/v\u00fdstava-KREATIV-Ostrava-35-140x140.jpg 140w, https:\/\/www.krampolinka.cz\/wp-content\/uploads\/2018\/10\/v\u00fdstava-KREATIV-Ostrava-35-500x500.jpg 500w, https:\/\/www.krampolinka.cz\/wp-content\/uploads\/2018\/10\/v\u00fdstava-KREATIV-Ostrava-35-180x180.jpg 180w, https:\/\/www.krampolinka.cz\/wp-content\/uploads\/2018\/10\/v\u00fdstava-KREATIV-Ostrava-35-300x300.jpg 300w, https:\/\/www.krampolinka.cz\/wp-content\/uploads\/2018\/10\/v\u00fdstava-KREATIV-Ostrava-35-100x100.jpg 100w\" sizes=\"auto, (max-width: 250px) 100vw, 250px\" \/><\/a>\n\t\t\t<\/dt><\/dl><dl class='gallery-item'>\n\t\t\t<dt class='gallery-icon landscape'>\n\t\t\t\t<a href='https:\/\/www.krampolinka.cz\/wp-content\/uploads\/2018\/10\/v\u00fdstava-KREATIV-Ostrava-36.jpg'><img loading=\"lazy\" decoding=\"async\" width=\"250\" height=\"250\" src=\"https:\/\/www.krampolinka.cz\/wp-content\/uploads\/2018\/10\/v\u00fdstava-KREATIV-Ostrava-36-250x250.jpg\" class=\"attachment-thumbnail size-thumbnail\" alt=\"\" srcset=\"https:\/\/www.krampolinka.cz\/wp-content\/uploads\/2018\/10\/v\u00fdstava-KREATIV-Ostrava-36-250x250.jpg 250w, https:\/\/www.krampolinka.cz\/wp-content\/uploads\/2018\/10\/v\u00fdstava-KREATIV-Ostrava-36-140x140.jpg 140w, https:\/\/www.krampolinka.cz\/wp-content\/uploads\/2018\/10\/v\u00fdstava-KREATIV-Ostrava-36-500x500.jpg 500w, https:\/\/www.krampolinka.cz\/wp-content\/uploads\/2018\/10\/v\u00fdstava-KREATIV-Ostrava-36-180x180.jpg 180w, https:\/\/www.krampolinka.cz\/wp-content\/uploads\/2018\/10\/v\u00fdstava-KREATIV-Ostrava-36-300x300.jpg 300w, https:\/\/www.krampolinka.cz\/wp-content\/uploads\/2018\/10\/v\u00fdstava-KREATIV-Ostrava-36-100x100.jpg 100w\" sizes=\"auto, (max-width: 250px) 100vw, 250px\" \/><\/a>\n\t\t\t<\/dt><\/dl><dl class='gallery-item'>\n\t\t\t<dt class='gallery-icon landscape'>\n\t\t\t\t<a href='https:\/\/www.krampolinka.cz\/wp-content\/uploads\/2018\/10\/v\u00fdstava-KREATIV-Ostrava-37.jpg'><img loading=\"lazy\" decoding=\"async\" width=\"250\" height=\"250\" src=\"https:\/\/www.krampolinka.cz\/wp-content\/uploads\/2018\/10\/v\u00fdstava-KREATIV-Ostrava-37-250x250.jpg\" class=\"attachment-thumbnail size-thumbnail\" alt=\"\" srcset=\"https:\/\/www.krampolinka.cz\/wp-content\/uploads\/2018\/10\/v\u00fdstava-KREATIV-Ostrava-37-250x250.jpg 250w, https:\/\/www.krampolinka.cz\/wp-content\/uploads\/2018\/10\/v\u00fdstava-KREATIV-Ostrava-37-140x140.jpg 140w, https:\/\/www.krampolinka.cz\/wp-content\/uploads\/2018\/10\/v\u00fdstava-KREATIV-Ostrava-37-500x500.jpg 500w, https:\/\/www.krampolinka.cz\/wp-content\/uploads\/2018\/10\/v\u00fdstava-KREATIV-Ostrava-37-180x180.jpg 180w, https:\/\/www.krampolinka.cz\/wp-content\/uploads\/2018\/10\/v\u00fdstava-KREATIV-Ostrava-37-300x300.jpg 300w, https:\/\/www.krampolinka.cz\/wp-content\/uploads\/2018\/10\/v\u00fdstava-KREATIV-Ostrava-37-100x100.jpg 100w\" sizes=\"auto, (max-width: 250px) 100vw, 250px\" \/><\/a>\n\t\t\t<\/dt><\/dl><br style=\"clear: both\" \/><dl class='gallery-item'>\n\t\t\t<dt class='gallery-icon landscape'>\n\t\t\t\t<a href='https:\/\/www.krampolinka.cz\/wp-content\/uploads\/2018\/10\/v\u00fdstava-KREATIV-Ostrava-38.jpg'><img loading=\"lazy\" decoding=\"async\" width=\"250\" height=\"250\" src=\"https:\/\/www.krampolinka.cz\/wp-content\/uploads\/2018\/10\/v\u00fdstava-KREATIV-Ostrava-38-250x250.jpg\" class=\"attachment-thumbnail size-thumbnail\" alt=\"\" srcset=\"https:\/\/www.krampolinka.cz\/wp-content\/uploads\/2018\/10\/v\u00fdstava-KREATIV-Ostrava-38-250x250.jpg 250w, https:\/\/www.krampolinka.cz\/wp-content\/uploads\/2018\/10\/v\u00fdstava-KREATIV-Ostrava-38-140x140.jpg 140w, https:\/\/www.krampolinka.cz\/wp-content\/uploads\/2018\/10\/v\u00fdstava-KREATIV-Ostrava-38-500x500.jpg 500w, https:\/\/www.krampolinka.cz\/wp-content\/uploads\/2018\/10\/v\u00fdstava-KREATIV-Ostrava-38-180x180.jpg 180w, https:\/\/www.krampolinka.cz\/wp-content\/uploads\/2018\/10\/v\u00fdstava-KREATIV-Ostrava-38-300x300.jpg 300w, https:\/\/www.krampolinka.cz\/wp-content\/uploads\/2018\/10\/v\u00fdstava-KREATIV-Ostrava-38-100x100.jpg 100w\" sizes=\"auto, (max-width: 250px) 100vw, 250px\" \/><\/a>\n\t\t\t<\/dt><\/dl><dl class='gallery-item'>\n\t\t\t<dt class='gallery-icon landscape'>\n\t\t\t\t<a href='https:\/\/www.krampolinka.cz\/wp-content\/uploads\/2018\/10\/v\u00fdstava-KREATIV-Ostrava-39.jpg'><img loading=\"lazy\" decoding=\"async\" width=\"250\" height=\"250\" src=\"https:\/\/www.krampolinka.cz\/wp-content\/uploads\/2018\/10\/v\u00fdstava-KREATIV-Ostrava-39-250x250.jpg\" class=\"attachment-thumbnail size-thumbnail\" alt=\"\" srcset=\"https:\/\/www.krampolinka.cz\/wp-content\/uploads\/2018\/10\/v\u00fdstava-KREATIV-Ostrava-39-250x250.jpg 250w, https:\/\/www.krampolinka.cz\/wp-content\/uploads\/2018\/10\/v\u00fdstava-KREATIV-Ostrava-39-140x140.jpg 140w, https:\/\/www.krampolinka.cz\/wp-content\/uploads\/2018\/10\/v\u00fdstava-KREATIV-Ostrava-39-500x500.jpg 500w, https:\/\/www.krampolinka.cz\/wp-content\/uploads\/2018\/10\/v\u00fdstava-KREATIV-Ostrava-39-180x180.jpg 180w, https:\/\/www.krampolinka.cz\/wp-content\/uploads\/2018\/10\/v\u00fdstava-KREATIV-Ostrava-39-300x300.jpg 300w, https:\/\/www.krampolinka.cz\/wp-content\/uploads\/2018\/10\/v\u00fdstava-KREATIV-Ostrava-39-100x100.jpg 100w\" sizes=\"auto, (max-width: 250px) 100vw, 250px\" \/><\/a>\n\t\t\t<\/dt><\/dl><dl class='gallery-item'>\n\t\t\t<dt class='gallery-icon landscape'>\n\t\t\t\t<a href='https:\/\/www.krampolinka.cz\/wp-content\/uploads\/2018\/10\/v\u00fdstava-KREATIV-Ostrava-40.jpg'><img loading=\"lazy\" decoding=\"async\" width=\"250\" height=\"250\" src=\"https:\/\/www.krampolinka.cz\/wp-content\/uploads\/2018\/10\/v\u00fdstava-KREATIV-Ostrava-40-250x250.jpg\" class=\"attachment-thumbnail size-thumbnail\" alt=\"\" srcset=\"https:\/\/www.krampolinka.cz\/wp-content\/uploads\/2018\/10\/v\u00fdstava-KREATIV-Ostrava-40-250x250.jpg 250w, https:\/\/www.krampolinka.cz\/wp-content\/uploads\/2018\/10\/v\u00fdstava-KREATIV-Ostrava-40-140x140.jpg 140w, https:\/\/www.krampolinka.cz\/wp-content\/uploads\/2018\/10\/v\u00fdstava-KREATIV-Ostrava-40-500x500.jpg 500w, https:\/\/www.krampolinka.cz\/wp-content\/uploads\/2018\/10\/v\u00fdstava-KREATIV-Ostrava-40-180x180.jpg 180w, https:\/\/www.krampolinka.cz\/wp-content\/uploads\/2018\/10\/v\u00fdstava-KREATIV-Ostrava-40-300x300.jpg 300w, https:\/\/www.krampolinka.cz\/wp-content\/uploads\/2018\/10\/v\u00fdstava-KREATIV-Ostrava-40-100x100.jpg 100w\" sizes=\"auto, (max-width: 250px) 100vw, 250px\" \/><\/a>\n\t\t\t<\/dt><\/dl><dl class='gallery-item'>\n\t\t\t<dt class='gallery-icon landscape'>\n\t\t\t\t<a href='https:\/\/www.krampolinka.cz\/wp-content\/uploads\/2018\/10\/v\u00fdstava-KREATIV-Ostrava-41.jpg'><img loading=\"lazy\" decoding=\"async\" width=\"250\" height=\"250\" src=\"https:\/\/www.krampolinka.cz\/wp-content\/uploads\/2018\/10\/v\u00fdstava-KREATIV-Ostrava-41-250x250.jpg\" class=\"attachment-thumbnail size-thumbnail\" alt=\"\" srcset=\"https:\/\/www.krampolinka.cz\/wp-content\/uploads\/2018\/10\/v\u00fdstava-KREATIV-Ostrava-41-250x250.jpg 250w, https:\/\/www.krampolinka.cz\/wp-content\/uploads\/2018\/10\/v\u00fdstava-KREATIV-Ostrava-41-140x140.jpg 140w, https:\/\/www.krampolinka.cz\/wp-content\/uploads\/2018\/10\/v\u00fdstava-KREATIV-Ostrava-41-500x500.jpg 500w, https:\/\/www.krampolinka.cz\/wp-content\/uploads\/2018\/10\/v\u00fdstava-KREATIV-Ostrava-41-180x180.jpg 180w, https:\/\/www.krampolinka.cz\/wp-content\/uploads\/2018\/10\/v\u00fdstava-KREATIV-Ostrava-41-300x300.jpg 300w, https:\/\/www.krampolinka.cz\/wp-content\/uploads\/2018\/10\/v\u00fdstava-KREATIV-Ostrava-41-100x100.jpg 100w\" sizes=\"auto, (max-width: 250px) 100vw, 250px\" \/><\/a>\n\t\t\t<\/dt><\/dl><dl class='gallery-item'>\n\t\t\t<dt class='gallery-icon landscape'>\n\t\t\t\t<a href='https:\/\/www.krampolinka.cz\/wp-content\/uploads\/2018\/10\/v\u00fdstava-KREATIV-Ostrava-42.jpg'><img loading=\"lazy\" decoding=\"async\" width=\"250\" height=\"250\" src=\"https:\/\/www.krampolinka.cz\/wp-content\/uploads\/2018\/10\/v\u00fdstava-KREATIV-Ostrava-42-250x250.jpg\" class=\"attachment-thumbnail size-thumbnail\" alt=\"\" srcset=\"https:\/\/www.krampolinka.cz\/wp-content\/uploads\/2018\/10\/v\u00fdstava-KREATIV-Ostrava-42-250x250.jpg 250w, https:\/\/www.krampolinka.cz\/wp-content\/uploads\/2018\/10\/v\u00fdstava-KREATIV-Ostrava-42-140x140.jpg 140w, https:\/\/www.krampolinka.cz\/wp-content\/uploads\/2018\/10\/v\u00fdstava-KREATIV-Ostrava-42-500x500.jpg 500w, https:\/\/www.krampolinka.cz\/wp-content\/uploads\/2018\/10\/v\u00fdstava-KREATIV-Ostrava-42-180x180.jpg 180w, https:\/\/www.krampolinka.cz\/wp-content\/uploads\/2018\/10\/v\u00fdstava-KREATIV-Ostrava-42-300x300.jpg 300w, https:\/\/www.krampolinka.cz\/wp-content\/uploads\/2018\/10\/v\u00fdstava-KREATIV-Ostrava-42-100x100.jpg 100w\" sizes=\"auto, (max-width: 250px) 100vw, 250px\" \/><\/a>\n\t\t\t<\/dt><\/dl><br style=\"clear: both\" \/><dl class='gallery-item'>\n\t\t\t<dt class='gallery-icon landscape'>\n\t\t\t\t<a href='https:\/\/www.krampolinka.cz\/wp-content\/uploads\/2018\/10\/v\u00fdstava-KREATIV-Ostrava-43.jpg'><img loading=\"lazy\" decoding=\"async\" width=\"250\" height=\"250\" src=\"https:\/\/www.krampolinka.cz\/wp-content\/uploads\/2018\/10\/v\u00fdstava-KREATIV-Ostrava-43-250x250.jpg\" class=\"attachment-thumbnail size-thumbnail\" alt=\"\" srcset=\"https:\/\/www.krampolinka.cz\/wp-content\/uploads\/2018\/10\/v\u00fdstava-KREATIV-Ostrava-43-250x250.jpg 250w, https:\/\/www.krampolinka.cz\/wp-content\/uploads\/2018\/10\/v\u00fdstava-KREATIV-Ostrava-43-140x140.jpg 140w, https:\/\/www.krampolinka.cz\/wp-content\/uploads\/2018\/10\/v\u00fdstava-KREATIV-Ostrava-43-500x500.jpg 500w, https:\/\/www.krampolinka.cz\/wp-content\/uploads\/2018\/10\/v\u00fdstava-KREATIV-Ostrava-43-180x180.jpg 180w, https:\/\/www.krampolinka.cz\/wp-content\/uploads\/2018\/10\/v\u00fdstava-KREATIV-Ostrava-43-300x300.jpg 300w, https:\/\/www.krampolinka.cz\/wp-content\/uploads\/2018\/10\/v\u00fdstava-KREATIV-Ostrava-43-100x100.jpg 100w\" sizes=\"auto, (max-width: 250px) 100vw, 250px\" \/><\/a>\n\t\t\t<\/dt><\/dl><dl class='gallery-item'>\n\t\t\t<dt class='gallery-icon landscape'>\n\t\t\t\t<a href='https:\/\/www.krampolinka.cz\/wp-content\/uploads\/2018\/10\/v\u00fdstava-KREATIV-Ostrava-44.jpg'><img loading=\"lazy\" decoding=\"async\" width=\"250\" height=\"250\" src=\"https:\/\/www.krampolinka.cz\/wp-content\/uploads\/2018\/10\/v\u00fdstava-KREATIV-Ostrava-44-250x250.jpg\" class=\"attachment-thumbnail size-thumbnail\" alt=\"\" srcset=\"https:\/\/www.krampolinka.cz\/wp-content\/uploads\/2018\/10\/v\u00fdstava-KREATIV-Ostrava-44-250x250.jpg 250w, https:\/\/www.krampolinka.cz\/wp-content\/uploads\/2018\/10\/v\u00fdstava-KREATIV-Ostrava-44-140x140.jpg 140w, https:\/\/www.krampolinka.cz\/wp-content\/uploads\/2018\/10\/v\u00fdstava-KREATIV-Ostrava-44-500x500.jpg 500w, https:\/\/www.krampolinka.cz\/wp-content\/uploads\/2018\/10\/v\u00fdstava-KREATIV-Ostrava-44-180x180.jpg 180w, https:\/\/www.krampolinka.cz\/wp-content\/uploads\/2018\/10\/v\u00fdstava-KREATIV-Ostrava-44-300x300.jpg 300w, https:\/\/www.krampolinka.cz\/wp-content\/uploads\/2018\/10\/v\u00fdstava-KREATIV-Ostrava-44-100x100.jpg 100w\" sizes=\"auto, (max-width: 250px) 100vw, 250px\" \/><\/a>\n\t\t\t<\/dt><\/dl><dl class='gallery-item'>\n\t\t\t<dt class='gallery-icon landscape'>\n\t\t\t\t<a href='https:\/\/www.krampolinka.cz\/wp-content\/uploads\/2018\/10\/v\u00fdstava-KREATIV-Ostrava-45.jpg'><img loading=\"lazy\" decoding=\"async\" width=\"250\" height=\"250\" src=\"https:\/\/www.krampolinka.cz\/wp-content\/uploads\/2018\/10\/v\u00fdstava-KREATIV-Ostrava-45-250x250.jpg\" class=\"attachment-thumbnail size-thumbnail\" alt=\"\" srcset=\"https:\/\/www.krampolinka.cz\/wp-content\/uploads\/2018\/10\/v\u00fdstava-KREATIV-Ostrava-45-250x250.jpg 250w, https:\/\/www.krampolinka.cz\/wp-content\/uploads\/2018\/10\/v\u00fdstava-KREATIV-Ostrava-45-140x140.jpg 140w, https:\/\/www.krampolinka.cz\/wp-content\/uploads\/2018\/10\/v\u00fdstava-KREATIV-Ostrava-45-500x500.jpg 500w, https:\/\/www.krampolinka.cz\/wp-content\/uploads\/2018\/10\/v\u00fdstava-KREATIV-Ostrava-45-180x180.jpg 180w, https:\/\/www.krampolinka.cz\/wp-content\/uploads\/2018\/10\/v\u00fdstava-KREATIV-Ostrava-45-300x300.jpg 300w, https:\/\/www.krampolinka.cz\/wp-content\/uploads\/2018\/10\/v\u00fdstava-KREATIV-Ostrava-45-100x100.jpg 100w\" sizes=\"auto, (max-width: 250px) 100vw, 250px\" \/><\/a>\n\t\t\t<\/dt><\/dl><dl class='gallery-item'>\n\t\t\t<dt class='gallery-icon landscape'>\n\t\t\t\t<a href='https:\/\/www.krampolinka.cz\/wp-content\/uploads\/2018\/10\/v\u00fdstava-KREATIV-Ostrava-46.jpg'><img loading=\"lazy\" decoding=\"async\" width=\"250\" height=\"250\" src=\"https:\/\/www.krampolinka.cz\/wp-content\/uploads\/2018\/10\/v\u00fdstava-KREATIV-Ostrava-46-250x250.jpg\" class=\"attachment-thumbnail size-thumbnail\" alt=\"\" srcset=\"https:\/\/www.krampolinka.cz\/wp-content\/uploads\/2018\/10\/v\u00fdstava-KREATIV-Ostrava-46-250x250.jpg 250w, https:\/\/www.krampolinka.cz\/wp-content\/uploads\/2018\/10\/v\u00fdstava-KREATIV-Ostrava-46-140x140.jpg 140w, https:\/\/www.krampolinka.cz\/wp-content\/uploads\/2018\/10\/v\u00fdstava-KREATIV-Ostrava-46-500x500.jpg 500w, https:\/\/www.krampolinka.cz\/wp-content\/uploads\/2018\/10\/v\u00fdstava-KREATIV-Ostrava-46-180x180.jpg 180w, https:\/\/www.krampolinka.cz\/wp-content\/uploads\/2018\/10\/v\u00fdstava-KREATIV-Ostrava-46-300x300.jpg 300w, https:\/\/www.krampolinka.cz\/wp-content\/uploads\/2018\/10\/v\u00fdstava-KREATIV-Ostrava-46-100x100.jpg 100w\" sizes=\"auto, (max-width: 250px) 100vw, 250px\" \/><\/a>\n\t\t\t<\/dt><\/dl><dl class='gallery-item'>\n\t\t\t<dt class='gallery-icon landscape'>\n\t\t\t\t<a href='https:\/\/www.krampolinka.cz\/wp-content\/uploads\/2018\/10\/v\u00fdstava-KREATIV-Ostrava-48.jpg'><img loading=\"lazy\" decoding=\"async\" width=\"250\" height=\"250\" src=\"https:\/\/www.krampolinka.cz\/wp-content\/uploads\/2018\/10\/v\u00fdstava-KREATIV-Ostrava-48-250x250.jpg\" class=\"attachment-thumbnail size-thumbnail\" alt=\"\" srcset=\"https:\/\/www.krampolinka.cz\/wp-content\/uploads\/2018\/10\/v\u00fdstava-KREATIV-Ostrava-48-250x250.jpg 250w, https:\/\/www.krampolinka.cz\/wp-content\/uploads\/2018\/10\/v\u00fdstava-KREATIV-Ostrava-48-140x140.jpg 140w, https:\/\/www.krampolinka.cz\/wp-content\/uploads\/2018\/10\/v\u00fdstava-KREATIV-Ostrava-48-500x500.jpg 500w, https:\/\/www.krampolinka.cz\/wp-content\/uploads\/2018\/10\/v\u00fdstava-KREATIV-Ostrava-48-180x180.jpg 180w, https:\/\/www.krampolinka.cz\/wp-content\/uploads\/2018\/10\/v\u00fdstava-KREATIV-Ostrava-48-300x300.jpg 300w, https:\/\/www.krampolinka.cz\/wp-content\/uploads\/2018\/10\/v\u00fdstava-KREATIV-Ostrava-48-100x100.jpg 100w\" sizes=\"auto, (max-width: 250px) 100vw, 250px\" \/><\/a>\n\t\t\t<\/dt><\/dl><br style=\"clear: both\" \/><dl class='gallery-item'>\n\t\t\t<dt class='gallery-icon landscape'>\n\t\t\t\t<a href='https:\/\/www.krampolinka.cz\/wp-content\/uploads\/2018\/10\/v\u00fdstava-KREATIV-Ostrava.jpg'><img loading=\"lazy\" decoding=\"async\" width=\"250\" height=\"250\" src=\"https:\/\/www.krampolinka.cz\/wp-content\/uploads\/2018\/10\/v\u00fdstava-KREATIV-Ostrava-250x250.jpg\" class=\"attachment-thumbnail size-thumbnail\" alt=\"\" srcset=\"https:\/\/www.krampolinka.cz\/wp-content\/uploads\/2018\/10\/v\u00fdstava-KREATIV-Ostrava-250x250.jpg 250w, https:\/\/www.krampolinka.cz\/wp-content\/uploads\/2018\/10\/v\u00fdstava-KREATIV-Ostrava-140x140.jpg 140w, https:\/\/www.krampolinka.cz\/wp-content\/uploads\/2018\/10\/v\u00fdstava-KREATIV-Ostrava-500x500.jpg 500w, https:\/\/www.krampolinka.cz\/wp-content\/uploads\/2018\/10\/v\u00fdstava-KREATIV-Ostrava-180x180.jpg 180w, https:\/\/www.krampolinka.cz\/wp-content\/uploads\/2018\/10\/v\u00fdstava-KREATIV-Ostrava-300x300.jpg 300w, https:\/\/www.krampolinka.cz\/wp-content\/uploads\/2018\/10\/v\u00fdstava-KREATIV-Ostrava-100x100.jpg 100w\" sizes=\"auto, (max-width: 250px) 100vw, 250px\" \/><\/a>\n\t\t\t<\/dt><\/dl>\n\t\t\t<br style='clear: both' \/>\n\t\t<\/div>\n\n","protected":false},"excerpt":{"rendered":"<p>V\u00fdtvarn\u00e9 d\u00edlni\u010dky, tvo\u0159iv\u00e9 workshopy, kreativn\u00ed n\u00e1pady a inspirace, materi\u00e1l a pom\u016fcky s\u00a0v\u00fdstavn\u00ed slevou, handmade v\u00fdrobky, uk\u00e1zky v\u00fdtvarn\u00fdch technik nebo sezn\u00e1men\u00ed s novinkami na trhu, to v\u0161e najdete na podzimn\u00ed v\u00fdstav\u011b KREATIV Ostrava 2018 ve dnech 9. \u2013 11. listopadu na \u010cern\u00e9 louce v\u00a0Ostrav\u011b.<\/p>\n","protected":false},"author":1,"featured_media":4889,"comment_status":"open","ping_status":"open","sticky":false,"template":"","format":"standard","meta":{"footnotes":""},"categories":[213],"tags":[607,318],"class_list":["post-4888","post","type-post","status-publish","format-standard","has-post-thumbnail","hentry","category-informace-nejen-o-hackovani","tag-kreativ-ostrava","tag-vystava"],"translation":{"provider":"WPGlobus","version":"3.0.2","language":"en","enabled_languages":["cz","en"],"languages":{"cz":{"title":true,"content":true,"excerpt":false},"en":{"title":false,"content":false,"excerpt":false}}},"yoast_head":"<!-- This site is optimized with the Yoast SEO plugin v27.5 - https:\/\/yoast.com\/product\/yoast-seo-wordpress\/ -->\n<title>Obl\u00edben\u00e1 v\u00fdstava KREATIV Ostrava op\u011bt v listopadu na \u010cern\u00e9 louce! &#183; Free Crochet Patterns Krampolinka<\/title>\n<meta name=\"robots\" content=\"index, follow, max-snippet:-1, max-image-preview:large, max-video-preview:-1\" \/>\n<link rel=\"canonical\" href=\"https:\/\/www.krampolinka.cz\/en\/oblibena-vystava-kreativ-ostrava-opet-v-listopadu-na-cerne-louce\/\" \/>\n<meta property=\"og:locale\" content=\"en_US\" \/>\n<meta property=\"og:type\" content=\"article\" \/>\n<meta property=\"og:title\" content=\"Obl\u00edben\u00e1 v\u00fdstava KREATIV Ostrava op\u011bt v listopadu na \u010cern\u00e9 louce! &#183; Free Crochet Patterns Krampolinka\" \/>\n<meta property=\"og:url\" content=\"https:\/\/www.krampolinka.cz\/en\/oblibena-vystava-kreativ-ostrava-opet-v-listopadu-na-cerne-louce\/\" \/>\n<meta property=\"og:site_name\" content=\"Free Crochet Patterns Krampolinka\" \/>\n<meta property=\"article:publisher\" content=\"https:\/\/www.facebook.com\/Krampolinka\/?ref=bookmarks\" \/>\n<meta property=\"article:author\" content=\"https:\/\/www.facebook.com\/Krampolinka\/?ref=bookmarks\" \/>\n<meta property=\"article:published_time\" content=\"2018-10-21T21:19:37+00:00\" \/>\n<meta property=\"article:modified_time\" content=\"2018-11-04T13:28:13+00:00\" \/>\n<meta property=\"og:image\" content=\"https:\/\/www.krampolinka.cz\/wp-content\/uploads\/2018\/10\/ZIMN\u00cd-NOVINKA-OD-VLNA-HEP-5.jpg\" \/>\n\t<meta property=\"og:image:width\" content=\"1200\" \/>\n\t<meta property=\"og:image:height\" content=\"621\" \/>\n\t<meta property=\"og:image:type\" content=\"image\/jpeg\" \/>\n<meta name=\"author\" content=\"Krampolinka\" \/>\n<meta name=\"twitter:card\" content=\"summary_large_image\" \/>\n<meta name=\"twitter:label1\" content=\"Written by\" \/>\n\t<meta name=\"twitter:data1\" content=\"Krampolinka\" \/>\n\t<meta name=\"twitter:label2\" content=\"Est. reading time\" \/>\n\t<meta name=\"twitter:data2\" content=\"4 minutes\" \/>\n<script type=\"application\/ld+json\" class=\"yoast-schema-graph\">{\"@context\":\"https:\\\/\\\/schema.org\",\"@graph\":[{\"@type\":\"Article\",\"@id\":\"https:\\\/\\\/www.krampolinka.cz\\\/en\\\/oblibena-vystava-kreativ-ostrava-opet-v-listopadu-na-cerne-louce\\\/#article\",\"isPartOf\":{\"@id\":\"https:\\\/\\\/www.krampolinka.cz\\\/en\\\/oblibena-vystava-kreativ-ostrava-opet-v-listopadu-na-cerne-louce\\\/\"},\"author\":{\"name\":\"Krampolinka\",\"@id\":\"https:\\\/\\\/www.krampolinka.cz\\\/#\\\/schema\\\/person\\\/3bbed8d08476eca23911fc89fee02a52\"},\"headline\":\"Obl\u00edben\u00e1 v\u00fdstava KREATIV Ostrava op\u011bt v listopadu na \u010cern\u00e9 louce!\",\"datePublished\":\"2018-10-21T21:19:37+00:00\",\"dateModified\":\"2018-11-04T13:28:13+00:00\",\"mainEntityOfPage\":{\"@id\":\"https:\\\/\\\/www.krampolinka.cz\\\/en\\\/oblibena-vystava-kreativ-ostrava-opet-v-listopadu-na-cerne-louce\\\/\"},\"wordCount\":847,\"commentCount\":0,\"publisher\":{\"@id\":\"https:\\\/\\\/www.krampolinka.cz\\\/#\\\/schema\\\/person\\\/3bbed8d08476eca23911fc89fee02a52\"},\"image\":{\"@id\":\"https:\\\/\\\/www.krampolinka.cz\\\/en\\\/oblibena-vystava-kreativ-ostrava-opet-v-listopadu-na-cerne-louce\\\/#primaryimage\"},\"thumbnailUrl\":\"https:\\\/\\\/www.krampolinka.cz\\\/wp-content\\\/uploads\\\/2018\\\/10\\\/ZIMN\u00cd-NOVINKA-OD-VLNA-HEP-5.jpg\",\"keywords\":[\"kreativ ostrava\",\"v\u00fdstava\"],\"articleSection\":[\"O h\u00e1\u010dkov\u00e1n\u00ed\"],\"inLanguage\":\"en-US\",\"potentialAction\":[{\"@type\":\"CommentAction\",\"name\":\"Comment\",\"target\":[\"https:\\\/\\\/www.krampolinka.cz\\\/en\\\/oblibena-vystava-kreativ-ostrava-opet-v-listopadu-na-cerne-louce\\\/#respond\"]}]},{\"@type\":\"WebPage\",\"@id\":\"https:\\\/\\\/www.krampolinka.cz\\\/en\\\/oblibena-vystava-kreativ-ostrava-opet-v-listopadu-na-cerne-louce\\\/\",\"url\":\"https:\\\/\\\/www.krampolinka.cz\\\/en\\\/oblibena-vystava-kreativ-ostrava-opet-v-listopadu-na-cerne-louce\\\/\",\"name\":\"Obl\u00edben\u00e1 v\u00fdstava KREATIV Ostrava op\u011bt v listopadu na \u010cern\u00e9 louce! &#183; Free Crochet Patterns Krampolinka\",\"isPartOf\":{\"@id\":\"https:\\\/\\\/www.krampolinka.cz\\\/#website\"},\"primaryImageOfPage\":{\"@id\":\"https:\\\/\\\/www.krampolinka.cz\\\/en\\\/oblibena-vystava-kreativ-ostrava-opet-v-listopadu-na-cerne-louce\\\/#primaryimage\"},\"image\":{\"@id\":\"https:\\\/\\\/www.krampolinka.cz\\\/en\\\/oblibena-vystava-kreativ-ostrava-opet-v-listopadu-na-cerne-louce\\\/#primaryimage\"},\"thumbnailUrl\":\"https:\\\/\\\/www.krampolinka.cz\\\/wp-content\\\/uploads\\\/2018\\\/10\\\/ZIMN\u00cd-NOVINKA-OD-VLNA-HEP-5.jpg\",\"datePublished\":\"2018-10-21T21:19:37+00:00\",\"dateModified\":\"2018-11-04T13:28:13+00:00\",\"breadcrumb\":{\"@id\":\"https:\\\/\\\/www.krampolinka.cz\\\/en\\\/oblibena-vystava-kreativ-ostrava-opet-v-listopadu-na-cerne-louce\\\/#breadcrumb\"},\"inLanguage\":\"en-US\",\"potentialAction\":[{\"@type\":\"ReadAction\",\"target\":[\"https:\\\/\\\/www.krampolinka.cz\\\/en\\\/oblibena-vystava-kreativ-ostrava-opet-v-listopadu-na-cerne-louce\\\/\"]}]},{\"@type\":\"ImageObject\",\"inLanguage\":\"en-US\",\"@id\":\"https:\\\/\\\/www.krampolinka.cz\\\/en\\\/oblibena-vystava-kreativ-ostrava-opet-v-listopadu-na-cerne-louce\\\/#primaryimage\",\"url\":\"https:\\\/\\\/www.krampolinka.cz\\\/wp-content\\\/uploads\\\/2018\\\/10\\\/ZIMN\u00cd-NOVINKA-OD-VLNA-HEP-5.jpg\",\"contentUrl\":\"https:\\\/\\\/www.krampolinka.cz\\\/wp-content\\\/uploads\\\/2018\\\/10\\\/ZIMN\u00cd-NOVINKA-OD-VLNA-HEP-5.jpg\",\"width\":1200,\"height\":621},{\"@type\":\"BreadcrumbList\",\"@id\":\"https:\\\/\\\/www.krampolinka.cz\\\/en\\\/oblibena-vystava-kreativ-ostrava-opet-v-listopadu-na-cerne-louce\\\/#breadcrumb\",\"itemListElement\":[{\"@type\":\"ListItem\",\"position\":1,\"name\":\"Home\",\"item\":\"https:\\\/\\\/www.krampolinka.cz\\\/\"},{\"@type\":\"ListItem\",\"position\":2,\"name\":\"Obl\u00edben\u00e1 v\u00fdstava KREATIV Ostrava op\u011bt v listopadu na \u010cern\u00e9 louce!\"}]},{\"@type\":\"WebSite\",\"@id\":\"https:\\\/\\\/www.krampolinka.cz\\\/#website\",\"url\":\"https:\\\/\\\/www.krampolinka.cz\\\/\",\"name\":\"Krampolinka H\u00e1\u010dkov\u00e1n\u00ed Crochet\",\"description\":\"Free Crochet Patterns and Video Tutorials Krampolinka\",\"publisher\":{\"@id\":\"https:\\\/\\\/www.krampolinka.cz\\\/#\\\/schema\\\/person\\\/3bbed8d08476eca23911fc89fee02a52\"},\"potentialAction\":[{\"@type\":\"SearchAction\",\"target\":{\"@type\":\"EntryPoint\",\"urlTemplate\":\"https:\\\/\\\/www.krampolinka.cz\\\/?s={search_term_string}\"},\"query-input\":{\"@type\":\"PropertyValueSpecification\",\"valueRequired\":true,\"valueName\":\"search_term_string\"}}],\"inLanguage\":\"en-US\"},{\"@type\":[\"Person\",\"Organization\"],\"@id\":\"https:\\\/\\\/www.krampolinka.cz\\\/#\\\/schema\\\/person\\\/3bbed8d08476eca23911fc89fee02a52\",\"name\":\"Krampolinka\",\"logo\":{\"@id\":\"https:\\\/\\\/www.krampolinka.cz\\\/#\\\/schema\\\/person\\\/image\\\/\"},\"description\":\"V\u00edtejte u mne doma \u2013 na str\u00e1nce www.krampolinka.cz D\u011bkuji za milou n\u00e1v\u0161t\u011bvu. Ru\u010dn\u011b vyroben\u00e1 v\u011bc m\u00e1 du\u0161i a srdce, m\u00e1 p\u0159\u00edb\u011bh, m\u00e1 d\u016fvod, m\u00e1 historii. Je propojen\u00e1 s t\u00edm, kdo ji vyr\u00e1b\u00ed, s t\u00edm, kdo si ji p\u0159\u00e1l, nebo s t\u00edm, kdo ji dostane. Jmenuji se Katka, m\u00e1m \u00fa\u017easnou dceru a h\u00e1\u010dkov\u00e1n\u00ed je m\u016fj snov\u00fd sv\u011bt, kam si odb\u00edh\u00e1m odpo\u010dinout od denn\u00ed reality a sou\u010dasn\u011b na\u010derpat dal\u0161\u00ed energii. R\u00e1da bych v\u00e1m touto cestou nab\u00eddla sv\u00e9 kreativn\u00ed j\u00e1, kter\u00e9 prom\u00edt\u00e1m do n\u00e1vod\u016f a videon\u00e1vod\u016f. Moje filozofie je poskytnout sv\u00e9 zku\u0161enosti a n\u00e1pady ZDARMA v\u0161em, kte\u0159\u00ed v h\u00e1\u010dkov\u00e1n\u00ed nalezli nov\u00e9ho \u201epar\u0165\u00e1ka\u201c a maj\u00ed chu\u0165 do tvo\u0159en\u00ed. H\u00e1\u010dkov\u00e1n\u00ed vn\u00edm\u00e1m jako tradi\u010dn\u00ed rukod\u011blnou \u010dinnost, kter\u00e1 b\u00fdvala b\u011b\u017enou v\u00fdbavou ka\u017ed\u00e9 \u017eeny. Tradici je pot\u0159eba p\u0159ed\u00e1vat d\u00e1l, a to jde pouze tehdy, kdy\u017e jsme schopni se o sv\u00e9 zku\u0161enosti nezi\u0161tn\u011b pod\u011blit. Krom\u011b n\u00e1vod\u016f se zde na webovce dozv\u00edte i spoustu informac\u00ed o novink\u00e1ch v oblasti p\u0159\u00edz\u00ed, report\u00e1\u017ee, informace o vych\u00e1zej\u00edc\u00edch \u010dasopisech, knih\u00e1ch nebo trendech v h\u00e1\u010dkov\u00e1n\u00ed. Sou\u010d\u00e1st\u00ed str\u00e1nky je i mal\u00e1 \u0161koli\u010dka h\u00e1\u010dkov\u00e1n\u00ed s videi, tak\u017ee se zde neztrat\u00ed ani za\u010d\u00e1te\u010dn\u00edk. Budu m\u00edt radost, pokud budete tvo\u0159it dle m\u00fdch n\u00e1vod\u016f. Popros\u00edm jen o jedin\u00e9 \u2013 nezneu\u017e\u00edvejte jich ke komer\u010dn\u00edm \u00fa\u010del\u016fm. Bylo by to nef\u00e9r. V n\u00e1vodech nech\u00e1v\u00e1m kus sebe, sv\u016fj \u010das, sv\u00e9 ide\u00e1ly, n\u00e1pady, p\u0159edstavy i n\u00e1lady, m\u016fj jedine\u010dn\u00fd podpis. Pokud v\u00e1s str\u00e1nka zaujala, vezmete h\u00e1\u010dek do rukou a za\u010dnete s nov\u00fdm kon\u00ed\u010dkem nebo se k h\u00e1\u010dkov\u00e1n\u00ed vr\u00e1t\u00edte \u2013 m\u016fj \u00fakol zde je spln\u011bn\u00fd. Moc si p\u0159eji, aby jste byli nositeli t\u00e9to kr\u00e1sn\u00e9 ru\u010dn\u00ed tradice a p\u0159ed\u00e1vali ji d\u00e1l, u\u010dili sv\u00e9 bl\u00edzk\u00e9, d\u011bti nebo vnou\u010d\u00e1tka. Pro radost z h\u00e1\u010dkov\u00e1n\u00ed v\u00e1m v\u0161em\",\"sameAs\":[\"https:\\\/\\\/www.krampolinka.cz\",\"https:\\\/\\\/www.facebook.com\\\/Krampolinka\\\/?ref=bookmarks\",\"https:\\\/\\\/www.instagram.com\\\/krampolinka_hackovani_crochet\\\/\",\"https:\\\/\\\/cz.pinterest.com\\\/Krampolinka1\\\/_created\\\/\",\"https:\\\/\\\/www.youtube.com\\\/user\\\/katerinao79\"]}]}<\/script>\n<!-- \/ Yoast SEO plugin. -->","yoast_head_json":{"title":"Obl\u00edben\u00e1 v\u00fdstava KREATIV Ostrava op\u011bt v listopadu na \u010cern\u00e9 louce! &#183; Free Crochet Patterns Krampolinka","robots":{"index":"index","follow":"follow","max-snippet":"max-snippet:-1","max-image-preview":"max-image-preview:large","max-video-preview":"max-video-preview:-1"},"canonical":"https:\/\/www.krampolinka.cz\/en\/oblibena-vystava-kreativ-ostrava-opet-v-listopadu-na-cerne-louce\/","og_locale":"en_US","og_type":"article","og_title":"Obl\u00edben\u00e1 v\u00fdstava KREATIV Ostrava op\u011bt v listopadu na \u010cern\u00e9 louce! &#183; Free Crochet Patterns Krampolinka","og_url":"https:\/\/www.krampolinka.cz\/en\/oblibena-vystava-kreativ-ostrava-opet-v-listopadu-na-cerne-louce\/","og_site_name":"Free Crochet Patterns Krampolinka","article_publisher":"https:\/\/www.facebook.com\/Krampolinka\/?ref=bookmarks","article_author":"https:\/\/www.facebook.com\/Krampolinka\/?ref=bookmarks","article_published_time":"2018-10-21T21:19:37+00:00","article_modified_time":"2018-11-04T13:28:13+00:00","og_image":[{"width":1200,"height":621,"url":"https:\/\/www.krampolinka.cz\/wp-content\/uploads\/2018\/10\/ZIMN\u00cd-NOVINKA-OD-VLNA-HEP-5.jpg","type":"image\/jpeg"}],"author":"Krampolinka","twitter_card":"summary_large_image","twitter_misc":{"Written by":"Krampolinka","Est. reading time":"4 minutes"},"schema":{"@context":"https:\/\/schema.org","@graph":[{"@type":"Article","@id":"https:\/\/www.krampolinka.cz\/en\/oblibena-vystava-kreativ-ostrava-opet-v-listopadu-na-cerne-louce\/#article","isPartOf":{"@id":"https:\/\/www.krampolinka.cz\/en\/oblibena-vystava-kreativ-ostrava-opet-v-listopadu-na-cerne-louce\/"},"author":{"name":"Krampolinka","@id":"https:\/\/www.krampolinka.cz\/#\/schema\/person\/3bbed8d08476eca23911fc89fee02a52"},"headline":"Obl\u00edben\u00e1 v\u00fdstava KREATIV Ostrava op\u011bt v listopadu na \u010cern\u00e9 louce!","datePublished":"2018-10-21T21:19:37+00:00","dateModified":"2018-11-04T13:28:13+00:00","mainEntityOfPage":{"@id":"https:\/\/www.krampolinka.cz\/en\/oblibena-vystava-kreativ-ostrava-opet-v-listopadu-na-cerne-louce\/"},"wordCount":847,"commentCount":0,"publisher":{"@id":"https:\/\/www.krampolinka.cz\/#\/schema\/person\/3bbed8d08476eca23911fc89fee02a52"},"image":{"@id":"https:\/\/www.krampolinka.cz\/en\/oblibena-vystava-kreativ-ostrava-opet-v-listopadu-na-cerne-louce\/#primaryimage"},"thumbnailUrl":"https:\/\/www.krampolinka.cz\/wp-content\/uploads\/2018\/10\/ZIMN\u00cd-NOVINKA-OD-VLNA-HEP-5.jpg","keywords":["kreativ ostrava","v\u00fdstava"],"articleSection":["O h\u00e1\u010dkov\u00e1n\u00ed"],"inLanguage":"en-US","potentialAction":[{"@type":"CommentAction","name":"Comment","target":["https:\/\/www.krampolinka.cz\/en\/oblibena-vystava-kreativ-ostrava-opet-v-listopadu-na-cerne-louce\/#respond"]}]},{"@type":"WebPage","@id":"https:\/\/www.krampolinka.cz\/en\/oblibena-vystava-kreativ-ostrava-opet-v-listopadu-na-cerne-louce\/","url":"https:\/\/www.krampolinka.cz\/en\/oblibena-vystava-kreativ-ostrava-opet-v-listopadu-na-cerne-louce\/","name":"Obl\u00edben\u00e1 v\u00fdstava KREATIV Ostrava op\u011bt v listopadu na \u010cern\u00e9 louce! &#183; Free Crochet Patterns Krampolinka","isPartOf":{"@id":"https:\/\/www.krampolinka.cz\/#website"},"primaryImageOfPage":{"@id":"https:\/\/www.krampolinka.cz\/en\/oblibena-vystava-kreativ-ostrava-opet-v-listopadu-na-cerne-louce\/#primaryimage"},"image":{"@id":"https:\/\/www.krampolinka.cz\/en\/oblibena-vystava-kreativ-ostrava-opet-v-listopadu-na-cerne-louce\/#primaryimage"},"thumbnailUrl":"https:\/\/www.krampolinka.cz\/wp-content\/uploads\/2018\/10\/ZIMN\u00cd-NOVINKA-OD-VLNA-HEP-5.jpg","datePublished":"2018-10-21T21:19:37+00:00","dateModified":"2018-11-04T13:28:13+00:00","breadcrumb":{"@id":"https:\/\/www.krampolinka.cz\/en\/oblibena-vystava-kreativ-ostrava-opet-v-listopadu-na-cerne-louce\/#breadcrumb"},"inLanguage":"en-US","potentialAction":[{"@type":"ReadAction","target":["https:\/\/www.krampolinka.cz\/en\/oblibena-vystava-kreativ-ostrava-opet-v-listopadu-na-cerne-louce\/"]}]},{"@type":"ImageObject","inLanguage":"en-US","@id":"https:\/\/www.krampolinka.cz\/en\/oblibena-vystava-kreativ-ostrava-opet-v-listopadu-na-cerne-louce\/#primaryimage","url":"https:\/\/www.krampolinka.cz\/wp-content\/uploads\/2018\/10\/ZIMN\u00cd-NOVINKA-OD-VLNA-HEP-5.jpg","contentUrl":"https:\/\/www.krampolinka.cz\/wp-content\/uploads\/2018\/10\/ZIMN\u00cd-NOVINKA-OD-VLNA-HEP-5.jpg","width":1200,"height":621},{"@type":"BreadcrumbList","@id":"https:\/\/www.krampolinka.cz\/en\/oblibena-vystava-kreativ-ostrava-opet-v-listopadu-na-cerne-louce\/#breadcrumb","itemListElement":[{"@type":"ListItem","position":1,"name":"Home","item":"https:\/\/www.krampolinka.cz\/"},{"@type":"ListItem","position":2,"name":"Obl\u00edben\u00e1 v\u00fdstava KREATIV Ostrava op\u011bt v listopadu na \u010cern\u00e9 louce!"}]},{"@type":"WebSite","@id":"https:\/\/www.krampolinka.cz\/#website","url":"https:\/\/www.krampolinka.cz\/","name":"Krampolinka H\u00e1\u010dkov\u00e1n\u00ed Crochet","description":"Free Crochet Patterns and Video Tutorials Krampolinka","publisher":{"@id":"https:\/\/www.krampolinka.cz\/#\/schema\/person\/3bbed8d08476eca23911fc89fee02a52"},"potentialAction":[{"@type":"SearchAction","target":{"@type":"EntryPoint","urlTemplate":"https:\/\/www.krampolinka.cz\/?s={search_term_string}"},"query-input":{"@type":"PropertyValueSpecification","valueRequired":true,"valueName":"search_term_string"}}],"inLanguage":"en-US"},{"@type":["Person","Organization"],"@id":"https:\/\/www.krampolinka.cz\/#\/schema\/person\/3bbed8d08476eca23911fc89fee02a52","name":"Krampolinka","logo":{"@id":"https:\/\/www.krampolinka.cz\/#\/schema\/person\/image\/"},"description":"V\u00edtejte u mne doma \u2013 na str\u00e1nce www.krampolinka.cz D\u011bkuji za milou n\u00e1v\u0161t\u011bvu. Ru\u010dn\u011b vyroben\u00e1 v\u011bc m\u00e1 du\u0161i a srdce, m\u00e1 p\u0159\u00edb\u011bh, m\u00e1 d\u016fvod, m\u00e1 historii. Je propojen\u00e1 s t\u00edm, kdo ji vyr\u00e1b\u00ed, s t\u00edm, kdo si ji p\u0159\u00e1l, nebo s t\u00edm, kdo ji dostane. Jmenuji se Katka, m\u00e1m \u00fa\u017easnou dceru a h\u00e1\u010dkov\u00e1n\u00ed je m\u016fj snov\u00fd sv\u011bt, kam si odb\u00edh\u00e1m odpo\u010dinout od denn\u00ed reality a sou\u010dasn\u011b na\u010derpat dal\u0161\u00ed energii. R\u00e1da bych v\u00e1m touto cestou nab\u00eddla sv\u00e9 kreativn\u00ed j\u00e1, kter\u00e9 prom\u00edt\u00e1m do n\u00e1vod\u016f a videon\u00e1vod\u016f. Moje filozofie je poskytnout sv\u00e9 zku\u0161enosti a n\u00e1pady ZDARMA v\u0161em, kte\u0159\u00ed v h\u00e1\u010dkov\u00e1n\u00ed nalezli nov\u00e9ho \u201epar\u0165\u00e1ka\u201c a maj\u00ed chu\u0165 do tvo\u0159en\u00ed. H\u00e1\u010dkov\u00e1n\u00ed vn\u00edm\u00e1m jako tradi\u010dn\u00ed rukod\u011blnou \u010dinnost, kter\u00e1 b\u00fdvala b\u011b\u017enou v\u00fdbavou ka\u017ed\u00e9 \u017eeny. Tradici je pot\u0159eba p\u0159ed\u00e1vat d\u00e1l, a to jde pouze tehdy, kdy\u017e jsme schopni se o sv\u00e9 zku\u0161enosti nezi\u0161tn\u011b pod\u011blit. Krom\u011b n\u00e1vod\u016f se zde na webovce dozv\u00edte i spoustu informac\u00ed o novink\u00e1ch v oblasti p\u0159\u00edz\u00ed, report\u00e1\u017ee, informace o vych\u00e1zej\u00edc\u00edch \u010dasopisech, knih\u00e1ch nebo trendech v h\u00e1\u010dkov\u00e1n\u00ed. Sou\u010d\u00e1st\u00ed str\u00e1nky je i mal\u00e1 \u0161koli\u010dka h\u00e1\u010dkov\u00e1n\u00ed s videi, tak\u017ee se zde neztrat\u00ed ani za\u010d\u00e1te\u010dn\u00edk. Budu m\u00edt radost, pokud budete tvo\u0159it dle m\u00fdch n\u00e1vod\u016f. Popros\u00edm jen o jedin\u00e9 \u2013 nezneu\u017e\u00edvejte jich ke komer\u010dn\u00edm \u00fa\u010del\u016fm. Bylo by to nef\u00e9r. V n\u00e1vodech nech\u00e1v\u00e1m kus sebe, sv\u016fj \u010das, sv\u00e9 ide\u00e1ly, n\u00e1pady, p\u0159edstavy i n\u00e1lady, m\u016fj jedine\u010dn\u00fd podpis. Pokud v\u00e1s str\u00e1nka zaujala, vezmete h\u00e1\u010dek do rukou a za\u010dnete s nov\u00fdm kon\u00ed\u010dkem nebo se k h\u00e1\u010dkov\u00e1n\u00ed vr\u00e1t\u00edte \u2013 m\u016fj \u00fakol zde je spln\u011bn\u00fd. Moc si p\u0159eji, aby jste byli nositeli t\u00e9to kr\u00e1sn\u00e9 ru\u010dn\u00ed tradice a p\u0159ed\u00e1vali ji d\u00e1l, u\u010dili sv\u00e9 bl\u00edzk\u00e9, d\u011bti nebo vnou\u010d\u00e1tka. Pro radost z h\u00e1\u010dkov\u00e1n\u00ed v\u00e1m v\u0161em","sameAs":["https:\/\/www.krampolinka.cz","https:\/\/www.facebook.com\/Krampolinka\/?ref=bookmarks","https:\/\/www.instagram.com\/krampolinka_hackovani_crochet\/","https:\/\/cz.pinterest.com\/Krampolinka1\/_created\/","https:\/\/www.youtube.com\/user\/katerinao79"]}]}},"_links":{"self":[{"href":"https:\/\/www.krampolinka.cz\/en\/wp-json\/wp\/v2\/posts\/4888","targetHints":{"allow":["GET"]}}],"collection":[{"href":"https:\/\/www.krampolinka.cz\/en\/wp-json\/wp\/v2\/posts"}],"about":[{"href":"https:\/\/www.krampolinka.cz\/en\/wp-json\/wp\/v2\/types\/post"}],"author":[{"embeddable":true,"href":"https:\/\/www.krampolinka.cz\/en\/wp-json\/wp\/v2\/users\/1"}],"replies":[{"embeddable":true,"href":"https:\/\/www.krampolinka.cz\/en\/wp-json\/wp\/v2\/comments?post=4888"}],"version-history":[{"count":0,"href":"https:\/\/www.krampolinka.cz\/en\/wp-json\/wp\/v2\/posts\/4888\/revisions"}],"wp:featuredmedia":[{"embeddable":true,"href":"https:\/\/www.krampolinka.cz\/en\/wp-json\/wp\/v2\/media\/4889"}],"wp:attachment":[{"href":"https:\/\/www.krampolinka.cz\/en\/wp-json\/wp\/v2\/media?parent=4888"}],"wp:term":[{"taxonomy":"category","embeddable":true,"href":"https:\/\/www.krampolinka.cz\/en\/wp-json\/wp\/v2\/categories?post=4888"},{"taxonomy":"post_tag","embeddable":true,"href":"https:\/\/www.krampolinka.cz\/en\/wp-json\/wp\/v2\/tags?post=4888"}],"curies":[{"name":"wp","href":"https:\/\/api.w.org\/{rel}","templated":true}]}}